{"id":11184,"date":"2025-09-20T20:03:44","date_gmt":"2025-09-20T18:03:44","guid":{"rendered":"https:\/\/diamentyrynku.pl\/?p=11184"},"modified":"2025-09-20T20:03:44","modified_gmt":"2025-09-20T18:03:44","slug":"welniany-swiat-wyjatkowe-produkty-z-welny-merynos","status":"publish","type":"post","link":"https:\/\/diamentyrynku.pl\/index.php\/2025\/09\/20\/welniany-swiat-wyjatkowe-produkty-z-welny-merynos\/","title":{"rendered":"We\u0142niany \u015awiat &#8211; wyj\u0105tkowe produkty z we\u0142ny Merynos"},"content":{"rendered":"<p><strong>We\u0142niany \u015awiat to wyj\u0105tkowe produkty z we\u0142ny Merynos.<\/strong><\/p>\n<p>Tu mo\u017cemy poczu\u0107,\u00a0 jak natura dba o nas \u2013 zdrowie, komfort i spok\u00f3j w jednym dotyku.<\/p>\n<p>Zatroszczmy si\u0119 o siebie i bliskich \u2013 wybierzmy to, co prawdziwe.<\/p>\n<p>Produkty w 100% polskie \u2013 tworzone z dba\u0142o\u015bci\u0105 o ka\u017cdy detal.<\/p>\n<p style=\"text-align: center;\"><a href=\"https:\/\/welnianyswiat.pl\/\">https:\/\/welnianyswiat.pl\/<\/a><\/p>\n<p>&nbsp;<\/p>\n<h5 class=\"section-title product-section-title \" style=\"text-align: center;\">Koc we\u0142niany z we\u0142ny owczej Merynos 200&#215;220 &#8211; szara janina<\/h5>\n<p><a href=\"https:\/\/diamentyrynku.pl\/wp-content\/uploads\/2025\/09\/p.png\"><img loading=\"lazy\" class=\"alignnone size-full wp-image-11185\" src=\"https:\/\/diamentyrynku.pl\/wp-content\/uploads\/2025\/09\/p.png\" alt=\"\" width=\"750\" height=\"490\" srcset=\"https:\/\/diamentyrynku.pl\/wp-content\/uploads\/2025\/09\/p.png 750w, https:\/\/diamentyrynku.pl\/wp-content\/uploads\/2025\/09\/p-300x196.png 300w\" sizes=\"(max-width: 750px) 100vw, 750px\" \/><\/a><\/p>\n<p>&nbsp;<\/p>\n<p style=\"text-align: center;\"><a href=\"https:\/\/welnianyswiat.pl\/pl\/p\/Koc-welniany-z-welny-owczej-Merynos-200x220-szara-janina\/129\">https:\/\/welnianyswiat.pl\/pl\/p\/Koc-welniany-z-welny-owczej-Merynos-200&#215;220-szara-janina\/129<\/a><\/p>\n<p>&nbsp;<\/p>\n<p><em>Koc zachwyci\u0142 mnie tym, jaki jest mi\u0119sisty! Jest bardzo gruby, wr\u0119cz idealny tak\u017ce jako ko\u0142dra. Jednocze\u015bnie mimo to, nadal lekki, komfortowy, przyjazny nawet w otuleniu si\u0119. Koc daje niezwykle przytulne wra\u017cenie, jest mi\u0119kki. Mimo we\u0142nianego sk\u0142adu, jest delikatny w dotyku, we\u0142na absolutnie nie gryzie, nie drapie nawet bardzo wra\u017cliwej sk\u00f3ry.<\/em><\/p>\n<p><em>Koc prezentuje tak\u017ce wysokie walory wizualne. Mamy tu szeroki wyb\u00f3r odcieni naturalnych, w szaro\u015bciach. Kolory bardzo uniwersalne, \u015bwietnie pasuj\u0105ce szczeg\u00f3lnie do mebli w drewnie. St\u0105d koc pe\u0142ni u mnie z powodzeniem rol\u0119 cudownej narzuty.<\/em><\/p>\n<p><em>Taki dobry koc z pewno\u015bci\u0105 b\u0119dzie stanowi\u0142 niesamowicie ciep\u0142e okrycie w porze jesienno-zimowej. Zdecydowanie jest to zdrowsza i cieplejsza forma nawet dla grubych tekstylnych ko\u0142der. Co wa\u017cne podczas snu sk\u00f3ra b\u0119dzie mog\u0142a oddycha\u0107, co jest wa\u017cne dla os\u00f3b cierpi\u0105cych na bezsenno\u015b\u0107, czy b\u00f3le kr\u0119gos\u0142upa. Polecam<\/em><\/p>\n<p># wsp\u00f3\u0142praca barterowa<\/p>\n","protected":false},"excerpt":{"rendered":"<p>We\u0142niany \u015awiat to wyj\u0105tkowe produkty z we\u0142ny Merynos. Tu mo\u017cemy poczu\u0107,\u00a0 jak natura dba o nas \u2013 zdrowie, komfort i spok\u00f3j w jednym dotyku. Zatroszczmy si\u0119 o siebie i bliskich \u2013 wybierzmy to, co prawdziwe. Produkty w 100% polskie \u2013 tworzone z dba\u0142o\u015bci\u0105 o ka\u017cdy detal. https:\/\/welnianyswiat.pl\/ &nbsp; Koc we\u0142niany z we\u0142ny owczej Merynos 200&#215;220 &#8230; <span class=\"more\"><a class=\"more-link\" href=\"https:\/\/diamentyrynku.pl\/index.php\/2025\/09\/20\/welniany-swiat-wyjatkowe-produkty-z-welny-merynos\/\">[Czytaj wi\u0119cej&#8230;]<\/a><\/span><\/p>\n","protected":false},"author":1,"featured_media":0,"comment_status":"closed","ping_status":"closed","sticky":false,"template":"","format":"standard","meta":[],"categories":[201],"tags":[],"_links":{"self":[{"href":"https:\/\/diamentyrynku.pl\/index.php\/wp-json\/wp\/v2\/posts\/11184"}],"collection":[{"href":"https:\/\/diamentyrynku.pl\/index.php\/wp-json\/wp\/v2\/posts"}],"about":[{"href":"https:\/\/diamentyrynku.pl\/index.php\/wp-json\/wp\/v2\/types\/post"}],"author":[{"embeddable":true,"href":"https:\/\/diamentyrynku.pl\/index.php\/wp-json\/wp\/v2\/users\/1"}],"replies":[{"embeddable":true,"href":"https:\/\/diamentyrynku.pl\/index.php\/wp-json\/wp\/v2\/comments?post=11184"}],"version-history":[{"count":2,"href":"https:\/\/diamentyrynku.pl\/index.php\/wp-json\/wp\/v2\/posts\/11184\/revisions"}],"predecessor-version":[{"id":11187,"href":"https:\/\/diamentyrynku.pl\/index.php\/wp-json\/wp\/v2\/posts\/11184\/revisions\/11187"}],"wp:attachment":[{"href":"https:\/\/diamentyrynku.pl\/index.php\/wp-json\/wp\/v2\/media?parent=11184"}],"wp:term":[{"taxonomy":"category","embeddable":true,"href":"https:\/\/diamentyrynku.pl\/index.php\/wp-json\/wp\/v2\/categories?post=11184"},{"taxonomy":"post_tag","embeddable":true,"href":"https:\/\/diamentyrynku.pl\/index.php\/wp-json\/wp\/v2\/tags?post=11184"}],"curies":[{"name":"wp","href":"https:\/\/api.w.org\/{rel}","templated":true}]}}