{"id":11191,"date":"2025-09-20T20:06:12","date_gmt":"2025-09-20T18:06:12","guid":{"rendered":"https:\/\/diamentyrynku.pl\/?p=11191"},"modified":"2025-09-20T20:06:12","modified_gmt":"2025-09-20T18:06:12","slug":"kosmetyczki-reed-niezbedne-akcesoria-dla-kazdej-kobiety-2","status":"publish","type":"post","link":"https:\/\/diamentyrynku.pl\/index.php\/2025\/09\/20\/kosmetyczki-reed-niezbedne-akcesoria-dla-kazdej-kobiety-2\/","title":{"rendered":"Kosmetyczki REED &#8211; niezb\u0119dne akcesoria dla ka\u017cdej kobiety"},"content":{"rendered":"<p>Kosmetyczka to praktyczny dodatek, kt\u00f3ry jest niezb\u0119dny ka\u017cdej kobiecie. Dzi\u0119ki niej mo\u017cemy mie\u0107 wszystkie kosmetyki w jednym miejscu, a tak\u017ce w wygodny spos\u00f3b je ze sob\u0105 zabra\u0107, gdy gdzie\u015b wyje\u017cd\u017camy. Dzi\u015b o pi\u0119knych kultowych kosmetyczkach REED.\u00a0 Do wyboru mamy wiele modeli, kt\u00f3re przyci\u0105gaj\u0105 kolorami, deseniami i ozdobami.<\/p>\n<p>&nbsp;<\/p>\n<p>REED\u00a0jest firm\u0105 specjalizuj\u0105c\u0105 si\u0119 w produkcji kuferk\u00f3w, kosmetyczek. Wszystkie kosmetyczki uszyte s\u0105 z wielk\u0105 dba\u0142o\u015bci\u0105 o szczeg\u00f3\u0142y, z wysokiej jako\u015bci materia\u0142\u00f3w i s\u0142yn\u0105 z perfekcyjnego wykonania.<\/p>\n<p style=\"text-align: center;\"><a href=\"http:\/\/sklep.reed.net.pl\/\">http:\/\/sklep.reed.net.pl\/<\/a><\/p>\n<p>W ofercie marki REED znajdziemy r\u00f3\u017cne wielko\u015bci kosmetyczek. Kuferki, kt\u00f3re mo\u017cemy trzyma\u0107 w domu, jak i zabra\u0107 w podr\u00f3\u017c, ale tak\u017ce ma\u0142e p\u0142askie kosmetyczki. Te z kolei sprawdza si\u0119 jako dodatek naszej torebki.<\/p>\n<p>Co urzeka mnie w tych kosmetyczkach to stylowy design. S\u0105 modne kwiaty, grochy, ciekawe nadruki. Mo\u017cna znale\u017a\u0107 \u015bwietny model odzwierciedlaj\u0105cy nasz nastr\u00f3j. Kosmetyczki s\u0105 tak\u017ce solidnie wykonane z grubego usztywnianego materia\u0142u (mniej lub bardziej w zale\u017cno\u015bci od modelu).\u00a0 Mam do tych kosmetyczek wysokie zaufanie. Wiem, \u017ce nie tylko zabezpiecz\u0105 moje ulubione kosmetyki przed zniszczeniem, ale takze m\u00f3j baga\u017c, czy torebk\u0119 przed zabrudzeniem.<\/p>\n<p>S\u0105 \u015bwietnie zaprojektowane, bo pojemne, praktyczne, lekkie ale jednocze\u015bnie nie zajmuj\u0105 zbyt du\u017co miejsca. Dla mnie kosmetyczka musi by\u0107 nie tylko pi\u0119kna, ale w\u0142a\u015bnie praktyczna, tak bym ka\u017cdego dnia z przyjemno\u015bci\u0105 i \u0142atwo\u015bci\u0105 mog\u0142a z niej korzysta\u0107. Kosmetyczki REED to najwy\u017csza klasa w tej kategorii produkt\u00f3w. Zapraszam do przejrzenia najciekawszych modeli.<\/p>\n<h5 class=\"h2 product-name\" style=\"text-align: center;\">KOSMETYCZKA-TORBA 8035 DIAMOND ORANGE REED<\/h5>\n<p><a href=\"https:\/\/diamentyrynku.pl\/wp-content\/uploads\/2025\/09\/kosmetyczka-torba-8035-diamond-orange-reed.jpg\"><img loading=\"lazy\" class=\"alignnone size-full wp-image-11193\" src=\"https:\/\/diamentyrynku.pl\/wp-content\/uploads\/2025\/09\/kosmetyczka-torba-8035-diamond-orange-reed.jpg\" alt=\"\" width=\"800\" height=\"1084\" srcset=\"https:\/\/diamentyrynku.pl\/wp-content\/uploads\/2025\/09\/kosmetyczka-torba-8035-diamond-orange-reed.jpg 800w, https:\/\/diamentyrynku.pl\/wp-content\/uploads\/2025\/09\/kosmetyczka-torba-8035-diamond-orange-reed-221x300.jpg 221w, https:\/\/diamentyrynku.pl\/wp-content\/uploads\/2025\/09\/kosmetyczka-torba-8035-diamond-orange-reed-756x1024.jpg 756w, https:\/\/diamentyrynku.pl\/wp-content\/uploads\/2025\/09\/kosmetyczka-torba-8035-diamond-orange-reed-768x1041.jpg 768w\" sizes=\"(max-width: 800px) 100vw, 800px\" \/><\/a><\/p>\n<p><a href=\"https:\/\/diamentyrynku.pl\/wp-content\/uploads\/2025\/09\/kosmetyczka-torba-8035-diamond-orange-reed-1.jpg\"><img loading=\"lazy\" class=\"alignnone size-full wp-image-11192\" src=\"https:\/\/diamentyrynku.pl\/wp-content\/uploads\/2025\/09\/kosmetyczka-torba-8035-diamond-orange-reed-1.jpg\" alt=\"\" width=\"800\" height=\"1084\" srcset=\"https:\/\/diamentyrynku.pl\/wp-content\/uploads\/2025\/09\/kosmetyczka-torba-8035-diamond-orange-reed-1.jpg 800w, https:\/\/diamentyrynku.pl\/wp-content\/uploads\/2025\/09\/kosmetyczka-torba-8035-diamond-orange-reed-1-221x300.jpg 221w, https:\/\/diamentyrynku.pl\/wp-content\/uploads\/2025\/09\/kosmetyczka-torba-8035-diamond-orange-reed-1-756x1024.jpg 756w, https:\/\/diamentyrynku.pl\/wp-content\/uploads\/2025\/09\/kosmetyczka-torba-8035-diamond-orange-reed-1-768x1041.jpg 768w\" sizes=\"(max-width: 800px) 100vw, 800px\" \/><\/a><\/p>\n<p style=\"text-align: center;\"><a href=\"https:\/\/sklep.reed.net.pl\/strona-glowna\/70-kosmetyczka-torba-8035-diamond-orange-reed.html\">https:\/\/sklep.reed.net.pl\/strona-glowna\/70-kosmetyczka-torba-8035-diamond-orange-reed.html<\/a><\/p>\n<p>Wykonana z lekko b\u0142yszcz\u0105cego, nieprzemakalnego materia\u0142u w kolorze bia\u0142o-pomara\u0144czowym.<\/p>\n<p>Wn\u0119trze kosmetyczki oraz wszelkie dodatki\u00a0idealnie pasuj\u0105ce do ca\u0142o\u015bci.<\/p>\n<p>Komora g\u0142\u00f3wna posiada kieszonk\u0119 z materia\u0142u.<\/p>\n<p>Lam\u00f3wki wykonane ze sk\u00f3ropodobnego materia\u0142u w kolorze jasnego br\u0105zu.<\/p>\n<p>Pomie\u015bci spore ilo\u015bci przedmiot\u00f3w towarzysz\u0105ce Paniom ka\u017cdego dnia.<\/p>\n<p>Z przodu ma\u0142e, eleganckie, metalowe logo\u00a0REED.<\/p>\n<p>Zapinana na zamek, a we wn\u0119trzu ukryte oczywi\u015bcie niezb\u0119dne ka\u017cdej Pani lusterko.<\/p>\n<p>&nbsp;<\/p>\n<h5 class=\"h2 product-name\" style=\"text-align: center;\">Kuferek Kufer Kosmetyczka Reed 7530 HEXAGON<\/h5>\n<p>&nbsp;<\/p>\n<p><a href=\"https:\/\/diamentyrynku.pl\/wp-content\/uploads\/2025\/09\/kosmetyczka-kuferek-reed-7546-marina-red.png\"><img loading=\"lazy\" class=\"size-full wp-image-11194 aligncenter\" src=\"https:\/\/diamentyrynku.pl\/wp-content\/uploads\/2025\/09\/kosmetyczka-kuferek-reed-7546-marina-red.png\" alt=\"\" width=\"800\" height=\"1084\" srcset=\"https:\/\/diamentyrynku.pl\/wp-content\/uploads\/2025\/09\/kosmetyczka-kuferek-reed-7546-marina-red.png 800w, https:\/\/diamentyrynku.pl\/wp-content\/uploads\/2025\/09\/kosmetyczka-kuferek-reed-7546-marina-red-221x300.png 221w, https:\/\/diamentyrynku.pl\/wp-content\/uploads\/2025\/09\/kosmetyczka-kuferek-reed-7546-marina-red-756x1024.png 756w, https:\/\/diamentyrynku.pl\/wp-content\/uploads\/2025\/09\/kosmetyczka-kuferek-reed-7546-marina-red-768x1041.png 768w\" sizes=\"(max-width: 800px) 100vw, 800px\" \/><\/a><\/p>\n<p><a href=\"https:\/\/diamentyrynku.pl\/wp-content\/uploads\/2025\/09\/kosmetyczka-kuferek-reed-7546-marina-red-1.jpg\"><img loading=\"lazy\" class=\"alignnone size-full wp-image-11195\" src=\"https:\/\/diamentyrynku.pl\/wp-content\/uploads\/2025\/09\/kosmetyczka-kuferek-reed-7546-marina-red-1.jpg\" alt=\"\" width=\"800\" height=\"1084\" srcset=\"https:\/\/diamentyrynku.pl\/wp-content\/uploads\/2025\/09\/kosmetyczka-kuferek-reed-7546-marina-red-1.jpg 800w, https:\/\/diamentyrynku.pl\/wp-content\/uploads\/2025\/09\/kosmetyczka-kuferek-reed-7546-marina-red-1-221x300.jpg 221w, https:\/\/diamentyrynku.pl\/wp-content\/uploads\/2025\/09\/kosmetyczka-kuferek-reed-7546-marina-red-1-756x1024.jpg 756w, https:\/\/diamentyrynku.pl\/wp-content\/uploads\/2025\/09\/kosmetyczka-kuferek-reed-7546-marina-red-1-768x1041.jpg 768w\" sizes=\"(max-width: 800px) 100vw, 800px\" \/><\/a><\/p>\n<p style=\"text-align: center;\"><a href=\"https:\/\/sklep.reed.net.pl\/hexagon\/772-kosmetyczka-kuferek-reed-7546-marina-red.html\">https:\/\/sklep.reed.net.pl\/hexagon\/772-kosmetyczka-kuferek-reed-7546-marina-red.html<\/a><\/p>\n<p>Wykonany z wysokiej jako\u015bci nieprzemakalnego materia\u0142u w dominuj\u0105cym kolorze popielatym w pastelowe kolorowe sze\u015bciok\u0105ty ro\u017cnej wielko\u015bci. Wn\u0119trze kuferka wyko\u0144czone bardzo starannie podszewk\u0105 w kolorze popielatym, we wn\u0119trzu znajdziemy przegrod\u0119 dziel\u0105c\u0105 kuferek na dwie cz\u0119\u015bci z mo\u017cliwo\u015bci\u0105 wypi\u0119cia, gumeczki trzymaj\u0105ce kosmetyki w pozycji pionowej, na klace zamykaj\u0105cej lusterko odpinane na rzep. Z ty\u0142u kuferka dodatkowa kieszonka na drobniejsze kosmetyki, komora g\u0142\u00f3wna i kieszonka tylna zamykane na suwaki. Wyposa\u017cony w mocn\u0105 sk\u0142adan\u0105 r\u0105czk\u0119 z tworzywa do noszenia plus regulowany pasek do noszenia na ramieniu. Kufer jest w ca\u0142o\u015bci usztywniony od spodu wyposa\u017cony w plastikowe n\u00f3\u017cki zapobiegaj\u0105ce zamoczeniu czy ubrudzeniu. Z przodu znajduje si\u0119 metalowe logo producenta REED idealny na wyjazdy do \u0142azienki.<\/p>\n<p># wsp\u00f3\u0142praca barterowa<\/p>\n<p>&nbsp;<\/p>\n","protected":false},"excerpt":{"rendered":"<p>Kosmetyczka to praktyczny dodatek, kt\u00f3ry jest niezb\u0119dny ka\u017cdej kobiecie. Dzi\u0119ki niej mo\u017cemy mie\u0107 wszystkie kosmetyki w jednym miejscu, a tak\u017ce w wygodny spos\u00f3b je ze sob\u0105 zabra\u0107, gdy gdzie\u015b wyje\u017cd\u017camy. Dzi\u015b o pi\u0119knych kultowych kosmetyczkach REED.\u00a0 Do wyboru mamy wiele modeli, kt\u00f3re przyci\u0105gaj\u0105 kolorami, deseniami i ozdobami. &nbsp; REED\u00a0jest firm\u0105 specjalizuj\u0105c\u0105 si\u0119 w produkcji kuferk\u00f3w, &#8230; <span class=\"more\"><a class=\"more-link\" href=\"https:\/\/diamentyrynku.pl\/index.php\/2025\/09\/20\/kosmetyczki-reed-niezbedne-akcesoria-dla-kazdej-kobiety-2\/\">[Czytaj wi\u0119cej&#8230;]<\/a><\/span><\/p>\n","protected":false},"author":1,"featured_media":11193,"comment_status":"closed","ping_status":"closed","sticky":false,"template":"","format":"standard","meta":[],"categories":[243],"tags":[],"_links":{"self":[{"href":"https:\/\/diamentyrynku.pl\/index.php\/wp-json\/wp\/v2\/posts\/11191"}],"collection":[{"href":"https:\/\/diamentyrynku.pl\/index.php\/wp-json\/wp\/v2\/posts"}],"about":[{"href":"https:\/\/diamentyrynku.pl\/index.php\/wp-json\/wp\/v2\/types\/post"}],"author":[{"embeddable":true,"href":"https:\/\/diamentyrynku.pl\/index.php\/wp-json\/wp\/v2\/users\/1"}],"replies":[{"embeddable":true,"href":"https:\/\/diamentyrynku.pl\/index.php\/wp-json\/wp\/v2\/comments?post=11191"}],"version-history":[{"count":1,"href":"https:\/\/diamentyrynku.pl\/index.php\/wp-json\/wp\/v2\/posts\/11191\/revisions"}],"predecessor-version":[{"id":11196,"href":"https:\/\/diamentyrynku.pl\/index.php\/wp-json\/wp\/v2\/posts\/11191\/revisions\/11196"}],"wp:featuredmedia":[{"embeddable":true,"href":"https:\/\/diamentyrynku.pl\/index.php\/wp-json\/wp\/v2\/media\/11193"}],"wp:attachment":[{"href":"https:\/\/diamentyrynku.pl\/index.php\/wp-json\/wp\/v2\/media?parent=11191"}],"wp:term":[{"taxonomy":"category","embeddable":true,"href":"https:\/\/diamentyrynku.pl\/index.php\/wp-json\/wp\/v2\/categories?post=11191"},{"taxonomy":"post_tag","embeddable":true,"href":"https:\/\/diamentyrynku.pl\/index.php\/wp-json\/wp\/v2\/tags?post=11191"}],"curies":[{"name":"wp","href":"https:\/\/api.w.org\/{rel}","templated":true}]}}