{"id":1582,"date":"2017-04-11T20:06:47","date_gmt":"2017-04-11T18:06:47","guid":{"rendered":"http:\/\/diamentyrynku.pl\/?p=1582"},"modified":"2017-04-11T20:06:47","modified_gmt":"2017-04-11T18:06:47","slug":"puder-mineralny-i-ochrona-przeciwsloneczna-z-jane-iredale-2","status":"publish","type":"post","link":"https:\/\/diamentyrynku.pl\/index.php\/2017\/04\/11\/puder-mineralny-i-ochrona-przeciwsloneczna-z-jane-iredale-2\/","title":{"rendered":"Puder mineralny i ochrona przeciws\u0142oneczna z Jane Iredale"},"content":{"rendered":"<p><img class=\"aligncenter\" src=\"http:\/\/www.esse.uk.com\/wp-content\/uploads\/2015\/03\/jane-iredale-logo.png\" \/><\/p>\n<p>W rozpoczynaj\u0105cym si\u0119 wiosennym okresie moim g\u0142\u00f3wnym punktem piel\u0119gnacyjnym jest ochrona s\u0142oneczna. W tym czasie we wszystkich dziennych kosmetykach poszukuj\u0119 filtra przeciws\u0142onecznego. O ile mog\u0119 tu znale\u017a\u0107 do\u015b\u0107 du\u017cy wyb\u00f3r w podk\u0142adach, tudzie\u017c kremach BB i CC, to znacznie gorzej jest w produktach typu puder. W wi\u0119kszo\u015bci kosmetykach mineralnych, co prawda producenci wspominaj\u0105 o ochronie przeciws\u0142onecznej, jednak\u017ce nie podaj\u0105, jak wysoki jest to filtr przeciws\u0142oneczny i czy ochrona dotyczy jednocze\u015bnie promieniowania typu UVA i UVB. Puder mineralny, kt\u00f3ry jednocze\u015bnie chroni sk\u00f3r\u0119 przed s\u0142o\u0144cem, wyr\u00f3wnuje koloryt, nie wysusza, jest lekki i zdrowy dla sk\u00f3ry mo\u017ce by\u0107 marzeniem letnim, st\u0105d z wielk\u0105 przyjemno\u015bci\u0105 ostatnimi czasy\u00a0si\u0119gn\u0119\u0142am po kosmetyk marki Jane Iredale. O tym, czy spe\u0142ni\u0142 moje oczekiwania ochrony, piel\u0119gnacji i upi\u0119kszania cery, o tym ju\u017c w dalszej cz\u0119\u015bci wpisu. Zapraszam!<\/p>\n<h5 style=\"text-align: center;\"><em><strong><span style=\"color: #ff6600;\">Na pocz\u0105tek kilka s\u0142\u00f3w od producenta&#8230;<\/span><\/strong><\/em><\/h5>\n<h3 style=\"text-align: center;\">Jane Iredale Blokada przeciws\u0142oneczna SPF 30 Powder Me<\/h3>\n<p>&nbsp;<\/p>\n<p><img class=\"aligncenter\" src=\"https:\/\/c4.q-assets.com\/images\/products\/p\/jic\/jic-080_1z.jpg\" alt=\"Znalezione obrazy dla zapytania jane iredale powder me\" \/><\/p>\n<p><strong>Funkcjonalna, wodoodporna<\/strong> i pozbawiona \u015brodk\u00f3w chemicznych ochrona s\u0142oneczna przed UVA i UVB w postaci pudru <strong>SPF 30<\/strong>. Produkt zawiera tlenek tytanu i naturaln\u0105 glink\u0119 wysychaj\u0105c\u0105 na s\u0142o\u0144cu, pozbawion\u0105 szkodliwych substancji i zanieczyszcze\u0144 atmosferycznych. <strong>Glinka<\/strong> zawiera minera\u0142y o dzia\u0142aniu\u00a0<strong>od\u017cywczym i koj\u0105cym<\/strong> dla sk\u00f3ry. Puder mo\u017ce by\u0107 stosowany na oparzenia s\u0142oneczne w celu <strong>\u0142agodz\u0105cym stan zapalny.<\/strong> Przeznaczony dla wszystkich rodzaj\u00f3w sk\u00f3ry.<\/p>\n<p><strong>G\u0142\u00f3wne sk\u0142adniki:<\/strong><\/p>\n<p><strong>&#8211; Titanium dioxide &#8211; nadtlenek tytanu<\/strong> &#8211; aktywny sk\u0142adnik fizycznej ochrony s\u0142onecznej, kt\u00f3ry \u0142agodzi stany zapalne oraz nadaje pokrycie i kolor,<\/p>\n<p><strong>&#8211; Clay -glinka<\/strong> &#8211; dzia\u0142a od\u017cywczo i koj\u0105co, \u0142agodzi stany zapalne,<br \/>\n<strong>&#8211; Boron nitride \u2013 azotek borowy<\/strong> &#8211; odbija \u015bwiat\u0142o, nadaje przyleganie do sk\u00f3ry,<\/p>\n<p><strong>Sk\u0142ad:<\/strong><\/p>\n<p>Sk\u0142adniki aktywne: Titanium Dioxide 14%, Zinc Oxide 6%.<\/p>\n<p>Sk\u0142ad: Mica, Boron Nitride, Zinc Stearate, Dimethicone, Stearic Acid, Plankton Extract, Algae Extract, Punica Granatum (Pomegranate) Extract. [+\/- (May Contain) Iron Oxides (Ci 77489, Ci 77491, Ci 77492, Ci 77499), Ultramarines (Ci 77007), Chromium Oxide Greens (Ci 77288)]<\/p>\n<p style=\"text-align: center;\">Produkt w cenie 230 z\u0142 mo\u017cna kupi\u0107 w sklepie patronackim Jane Iredale na Polsk\u0119:<\/p>\n<p style=\"text-align: center;\"><span style=\"color: #0000ff;\"><strong><a style=\"color: #0000ff;\" href=\"http:\/\/sklepjaneiredale.pl\/eko-podklady-mineralne\/134-jane-iredale-blokada-spf-30.html\">http:\/\/sklepjaneiredale.pl\/eko-podklady-mineralne\/134-jane-iredale-blokada-spf-30.html<\/a><\/strong><\/span><\/p>\n<h3 style=\"text-align: center;\"><em><strong><span style=\"color: #ff6600;\">Moje spostrze\u017cenia:<\/span><\/strong><\/em><\/h3>\n<p>Jako, \u017ce znam ju\u017c kilka kosmetyk\u00f3w Jane Iredale, to i w przypadku pudru \u00a0Powder Me nie by\u0142o zaskoczenia, je\u015bli chodzi o wizualizacj\u0119 opakowania. Uwielbiam, kiedy kosmetyki do makija\u017cu s\u0105 estetycznie zapakowane. Tutaj mamy lekkie wykonane z mocnego plastiku pude\u0142ko ze z\u0142otymi zdobieniami. Produkt\u00a0ten jest idealnie\u00a0por\u0119czny do torebki i tak go u\u017cywam, czyli na zewn\u0105trz, gdy potrzebuj\u0119 ochrony przeciws\u0142onecznej.<\/p>\n<p><a href=\"http:\/\/diamentyrynku.pl\/wp-content\/uploads\/2017\/03\/puder1.jpg\"><img loading=\"lazy\" class=\"size-full wp-image-1586 aligncenter\" src=\"http:\/\/diamentyrynku.pl\/wp-content\/uploads\/2017\/03\/puder1.jpg\" alt=\"puder1\" width=\"480\" height=\"640\" srcset=\"https:\/\/diamentyrynku.pl\/wp-content\/uploads\/2017\/03\/puder1.jpg 480w, https:\/\/diamentyrynku.pl\/wp-content\/uploads\/2017\/03\/puder1-225x300.jpg 225w\" sizes=\"(max-width: 480px) 100vw, 480px\" \/><\/a><\/p>\n<p>&nbsp;<\/p>\n<p>Oczywi\u015bcie, od razu warto spojrze\u0107 na sk\u0142ad kosmetyku, kt\u00f3ry dla os\u00f3b, kt\u00f3re ceni\u0105 sobie minera\u0142y w makija\u017cu b\u0119dzie bardzo doceniony. Titanium Dioxide w st\u0119\u017ceniu, a\u017c 14%, a nie tak jak w wi\u0119kszo\u015bci pudr\u00f3w talk,\u00a0 jest dla mnie oznak\u0105, \u017ce kosmetyk bardzo dobrze b\u0119dzie chroni\u0142 przed fotostarzeniem sk\u00f3ry. Podoba mi si\u0119 r\u00f3wnie\u017c zawarto\u015b\u0107 Boron Nitride na czele listy, bo jest to sk\u0142adnik, kt\u00f3ry sprawia, \u017ce ka\u017cdy puder wygl\u0105da \u015bwie\u017co na sk\u00f3rze t\u0142ustej, mam tu na my\u015bli brak potocznie zwanego &#8216;ciasteczkowania si\u0119&#8221; pudru, czyli wchodzenia w zmarszczki, podkre\u015blania por\u00f3w. No i wreszcie ciesz\u0119 si\u0119, \u017ce puder dodatkowo piel\u0119gnuje sk\u00f3r\u0119. Jako osoba o mocno przet\u0142uszczaj\u0105cej si\u0119 sk\u00f3rze doceniam glinki, a tutaj mamy warto\u015bciow\u0105 glink\u0119 dzia\u0142aj\u0105c\u0105 od\u017cywczo i koj\u0105co.<\/p>\n<p><a href=\"http:\/\/diamentyrynku.pl\/wp-content\/uploads\/2017\/03\/puder2.jpg\"><img loading=\"lazy\" class=\"size-full wp-image-1587 aligncenter\" src=\"http:\/\/diamentyrynku.pl\/wp-content\/uploads\/2017\/03\/puder2.jpg\" alt=\"puder2\" width=\"480\" height=\"640\" srcset=\"https:\/\/diamentyrynku.pl\/wp-content\/uploads\/2017\/03\/puder2.jpg 480w, https:\/\/diamentyrynku.pl\/wp-content\/uploads\/2017\/03\/puder2-225x300.jpg 225w\" sizes=\"(max-width: 480px) 100vw, 480px\" \/><\/a><\/p>\n<p>Cudowna jest sama aplikacja tego produktu. G\u0105beczka, jest bardzo puszysta, mi\u0119kka i wygodna w r\u00f3wnomiernym rozprowadzeniu produktu na twarzy.<\/p>\n<p>Dost\u0119pna kolorystyka\u00a0nie jest\u00a0imponuj\u0105ca, ale oczywi\u015bcie odcie\u0144 Translucent, kt\u00f3ry sama posiadam b\u0119dzie odpowiedni dla wszystkich. Ten kolor wygl\u0105da na ziemisty, ch\u0142odny, wr\u0119cz bia\u0142y puder, ale na twarzy po rozprowadzeniu nawet grubszej warstwy nie bieli, czy nie zmienia koloru podk\u0142adu.\u00a0Jest to du\u017cy plus, jak na taki produkt z wysokim filtrem. Puder niweluje zaczerwienienia sk\u00f3ry, czy to naczynkowe, czy zwyk\u0142e podra\u017cnienia, ale nadal kolorystycznie wygl\u0105da bardzo neutralnie na twarzy.<\/p>\n<p><a href=\"http:\/\/diamentyrynku.pl\/wp-content\/uploads\/2017\/03\/puder3.jpg\"><img loading=\"lazy\" class=\"size-full wp-image-1588 aligncenter\" src=\"http:\/\/diamentyrynku.pl\/wp-content\/uploads\/2017\/03\/puder3.jpg\" alt=\"puder3\" width=\"480\" height=\"640\" srcset=\"https:\/\/diamentyrynku.pl\/wp-content\/uploads\/2017\/03\/puder3.jpg 480w, https:\/\/diamentyrynku.pl\/wp-content\/uploads\/2017\/03\/puder3-225x300.jpg 225w\" sizes=\"(max-width: 480px) 100vw, 480px\" \/><\/a><\/p>\n<p>Jest cudownie g\u0142adko zmielony, przez co dotykaj\u0105c go pod palcami nie czu\u0107 sucho\u015bci, czy jak to mo\u017cna potocznie nazwa\u0107 &#8216;t\u0119pej m\u0105ki, skrobi&#8217;. Osobi\u015bcie nie cierpi\u0119 w\u0142a\u015bnie takich mocno &#8216;pudrowych pudr\u00f3w&#8217;. Puder Jane Iredale jest delikatny, konsystencja jest aksamitno-kremowa. I w tej formule tkwi cudowny sekret tego kosmetyku, za co tak bardzo go lubi\u0119. Po na\u0142o\u017ceniu go na twarz \u00a0puder ten nie wygl\u0105da, jak puder ale jak \u015bwietnie stopiony ze sk\u00f3r\u0105 podk\u0142ad o matowym wyko\u0144czeniu. Produkt kryje na poziomie delikatnym, radzi sobie z kamufla\u017cem lekkiego zaczerwienienia sk\u00f3rze, drobnych przebarwie\u0144. Nie podkre\u015bla przy tym jakichkolwiek nier\u00f3wno\u015bci sk\u00f3ry, czyli rozszerzonych por\u00f3w i drobnych zmarszczek. Oczywi\u015bcie, je\u015bli ju\u017c mamy mocno widoczne zmarszczki, nie ma co si\u0119 oszukiwa\u0107, \u017ce puder je wype\u0142ni, przez to cudownie nam znikn\u0105. Tutaj nie potrafi tego chyba \u017caden puder, nadal trzeba w pierwszej kolejno\u015bci postawi\u0107 na prawid\u0142ow\u0105 piel\u0119gnacj\u0119 przeciwzmarszczkow\u0105. Natomiast zauwa\u017cy\u0142am tak\u0105 oto prawid\u0142owo\u015b\u0107, \u017ce wiele pudr\u00f3w wydobywa na \u015bwiat\u0142o dziennie zmarszczki, kt\u00f3rych nie wida\u0107 tak bardzo na sk\u00f3rze bez makija\u017cu. Wtedy nieraz wol\u0119 zrezygnowa\u0107 z takiego kosmetyku nawet kosztem mocniej b\u0142yszcz\u0105cej si\u0119 sk\u00f3ry. A ju\u017c szczeg\u00f3lnie pami\u0119tam, \u017ce mia\u0142am tak negatywne do\u015bwiadczenia z pudrami 100% mineralnymi, kt\u00f3re mo\u017ce i by\u0142y zdrowe, ale dodawa\u0142y mojej twarzy lat. Puder mineralny Jane Iredale optycznie wyg\u0142adza sk\u00f3r\u0119, cera wygl\u0105da na bardziej j\u0119drn\u0105, zdrowsz\u0105, zadban\u0105. Jak dla mnie jest to kosmetyk tak\u017ce do\u00a0u\u017cycia w roli 2w1, czyli jako zamiennik podk\u0142adu+ pudru, cho\u0107 je\u015bli kto\u015b potrzebuje mocnego krycia b\u0119dzie te\u017c dobry jako produkt wyka\u0144czaj\u0105cy.<\/p>\n<p><a href=\"http:\/\/diamentyrynku.pl\/wp-content\/uploads\/2017\/03\/puder4.jpg\"><img loading=\"lazy\" class=\"size-full wp-image-1585 aligncenter\" src=\"http:\/\/diamentyrynku.pl\/wp-content\/uploads\/2017\/03\/puder4.jpg\" alt=\"puder4\" width=\"640\" height=\"480\" srcset=\"https:\/\/diamentyrynku.pl\/wp-content\/uploads\/2017\/03\/puder4.jpg 640w, https:\/\/diamentyrynku.pl\/wp-content\/uploads\/2017\/03\/puder4-300x225.jpg 300w\" sizes=\"(max-width: 640px) 100vw, 640px\" \/><\/a><\/p>\n<p>Podoba mi si\u0119 to, \u017ce kosmetyk jest trwa\u0142y, taki stworzony na nied\u0142ugo nadchodz\u0105ce lato. \u00a0Plusem jest tak\u017ce to, \u017ce kosmetyk nie ciemnieje w ci\u0105gu dnia. \u015awietna ochrona przeciws\u0142oneczna SPF 30 jest dla mnie wystarczaj\u0105ca na potrzeby codziennego \u017cycia w mie\u015bcie.<\/p>\n<p>Rano nie jest dla mnie problemem na\u0142o\u017cenie kremu z filtrem ochronnym, ale kiedy wychodz\u0119 z pracy po 15-stej i wiosenne s\u0142o\u0144ce ostro \u015bwieci, wtedy ci\u0119\u017cko jest na makija\u017c na\u0142o\u017cy\u0107 krem SPF. Wtedy w\u0142a\u015bnie nieodzowny staje si\u0119 Powder Me Jane Iredale, kt\u00f3ry chroni, od\u015bwie\u017ca makija\u017c i jest tak niesamowicie komfortowy w szybkiej i \u0142atwej obs\u0142udze.<\/p>\n<h3 style=\"text-align: center;\"><strong><span style=\"color: #ff6600;\">POLECAM!<\/span><\/strong><\/h3>\n<p style=\"text-align: center;\"><strong>Moja ocena: 5\/5, czyli Diamentowy Puder Mineralny Ochronny SPF 30<\/strong><\/p>\n","protected":false},"excerpt":{"rendered":"<p>W rozpoczynaj\u0105cym si\u0119 wiosennym okresie moim g\u0142\u00f3wnym punktem piel\u0119gnacyjnym jest ochrona s\u0142oneczna. W tym czasie we wszystkich dziennych kosmetykach poszukuj\u0119 filtra przeciws\u0142onecznego. O ile mog\u0119 tu znale\u017a\u0107 do\u015b\u0107 du\u017cy wyb\u00f3r w podk\u0142adach, tudzie\u017c kremach BB i CC, to znacznie gorzej jest w produktach typu puder. W wi\u0119kszo\u015bci kosmetykach mineralnych, co prawda producenci wspominaj\u0105 o ochronie &#8230; <span class=\"more\"><a class=\"more-link\" href=\"https:\/\/diamentyrynku.pl\/index.php\/2017\/04\/11\/puder-mineralny-i-ochrona-przeciwsloneczna-z-jane-iredale-2\/\">[Czytaj wi\u0119cej&#8230;]<\/a><\/span><\/p>\n","protected":false},"author":1,"featured_media":1584,"comment_status":"closed","ping_status":"closed","sticky":false,"template":"","format":"standard","meta":[],"categories":[3],"tags":[14,108],"_links":{"self":[{"href":"https:\/\/diamentyrynku.pl\/index.php\/wp-json\/wp\/v2\/posts\/1582"}],"collection":[{"href":"https:\/\/diamentyrynku.pl\/index.php\/wp-json\/wp\/v2\/posts"}],"about":[{"href":"https:\/\/diamentyrynku.pl\/index.php\/wp-json\/wp\/v2\/types\/post"}],"author":[{"embeddable":true,"href":"https:\/\/diamentyrynku.pl\/index.php\/wp-json\/wp\/v2\/users\/1"}],"replies":[{"embeddable":true,"href":"https:\/\/diamentyrynku.pl\/index.php\/wp-json\/wp\/v2\/comments?post=1582"}],"version-history":[{"count":2,"href":"https:\/\/diamentyrynku.pl\/index.php\/wp-json\/wp\/v2\/posts\/1582\/revisions"}],"predecessor-version":[{"id":1590,"href":"https:\/\/diamentyrynku.pl\/index.php\/wp-json\/wp\/v2\/posts\/1582\/revisions\/1590"}],"wp:featuredmedia":[{"embeddable":true,"href":"https:\/\/diamentyrynku.pl\/index.php\/wp-json\/wp\/v2\/media\/1584"}],"wp:attachment":[{"href":"https:\/\/diamentyrynku.pl\/index.php\/wp-json\/wp\/v2\/media?parent=1582"}],"wp:term":[{"taxonomy":"category","embeddable":true,"href":"https:\/\/diamentyrynku.pl\/index.php\/wp-json\/wp\/v2\/categories?post=1582"},{"taxonomy":"post_tag","embeddable":true,"href":"https:\/\/diamentyrynku.pl\/index.php\/wp-json\/wp\/v2\/tags?post=1582"}],"curies":[{"name":"wp","href":"https:\/\/api.w.org\/{rel}","templated":true}]}}