{"id":1599,"date":"2017-04-17T10:06:30","date_gmt":"2017-04-17T08:06:30","guid":{"rendered":"http:\/\/diamentyrynku.pl\/?p=1599"},"modified":"2017-04-17T10:06:30","modified_gmt":"2017-04-17T08:06:30","slug":"remington-walki-termiczne-proluxe-czyli-idealne-loki-na-co-dzien","status":"publish","type":"post","link":"https:\/\/diamentyrynku.pl\/index.php\/2017\/04\/17\/remington-walki-termiczne-proluxe-czyli-idealne-loki-na-co-dzien\/","title":{"rendered":"REMINGTON Wa\u0142ki termiczne PROLUXE, czyli idealne loki na co dzie\u0144"},"content":{"rendered":"<p><img class=\"aligncenter\" src=\"https:\/\/cdn.remington-europe.com\/images\/remington-logo.svg\" \/><\/p>\n<p><img src=\"http:\/\/www.magazyn-hamag.pl\/hamag\/assets\/remington-proluxe-h9100-slider-jpg-8756.jpeg\" \/><\/p>\n<p>Loki i fale to wyj\u0105tkowo kobiece fryzury a do tego doskonale sprawdz\u0105 si\u0119 na co dzie\u0144, zw\u0142aszcza wiosn\u0105 i latem. Kt\u00f3ra z nas zatem o niech nie marzy?\u00a0 Fryzura taka wnosi odrobin\u0119 luzu i nonszalancji, zdecydowanie wpisuj\u0105cej si\u0119 w miejskie trendy. Loki i fale bez w\u0105tpienia zdadz\u0105 r\u00f3wnie\u017c egzamin podczas wieczornych wyj\u015b\u0107 do klubu, gdzie b\u0119dziemy mog\u0142y da\u0107 si\u0119 porwa\u0107 muzyce, bez obaw o utrat\u0119 misternie u\u0142o\u017conej fryzury.\u00a0Podobno kiedy\u015b loki by\u0142y jedn\u0105 z najmodniejszych fryzur dla kobiet. Uto\u017csamiano je z zadbaniem, zamo\u017cno\u015bci\u0105 i seksapilem. I tak te\u017c jest dzisiaj, pomijaj\u0105c zamo\u017cno\u015b\u0107, bo loki i fale to fryzura niemal dla ka\u017cdej z nas. Nadaj\u0105 w\u0142osom obj\u0119to\u015bci i modeluj\u0105 kszta\u0142t twarzy, dlatego nie bez znaczenia jest rodzaj lok\u00f3w czy fali.<\/p>\n<p>Niestety, sama z natury mam\u00a0proste w\u0142osy, zupe\u0142nie niepodatne na kr\u0119cenie przy u\u017cyciu zwyk\u0142ych wa\u0142k\u00f3w, czy nawet termicznej lok\u00f3wki. Skr\u0119t w tym przypadku utrzymuje si\u0119 maksymalnie godzin\u0119. Dlatego potrzebuj\u0119 nowoczesnych rozwi\u0105za\u0144 daj\u0105cych trwalsze efekty, a zdecydowanie do takich nale\u017c\u0105 termo wa\u0142ki. Podoba mi si\u0119 w nich to, \u017ce oddaj\u0105 ciep\u0142o w spos\u00f3b r\u00f3wnomierny, a nie tak jak w przypadku lok\u00f3wki, gdzie \u0142atwo o poparzenie i zniszczenie w\u0142os\u00f3w. Do marki Remington, jako producenta oferuj\u0105cego od lat najwy\u017cszej jako\u015bci\u00a0urz\u0105dzenia do stylizacji w\u0142os\u00f3w mam ogromne zaufanie. Wierz\u0119 w skuteczno\u015b\u0107 tych produkt\u00f3w ale tak\u017ce w pe\u0142ne bezpiecze\u0144stwo. To drugie jest dla mnie szczeg\u00f3lnie istotne, poniewa\u017c mam w\u0142osy, cienkie i delikatne, \u0142atwo ulegaj\u0105ce mechanicznym i termicznym uszkodzeniom.<\/p>\n<h3 class=\"title\" style=\"text-align: center;\">WA\u0141KI TERMICZNE PROLUXE<\/h3>\n<h4 style=\"text-align: center;\">H9100<\/h4>\n<p style=\"text-align: center;\"><strong><a href=\"https:\/\/pl.remington-europe.com\/produkty\/Wa%C5%82ki-termiczne-PROluxe\">https:\/\/pl.remington-europe.com\/produkty\/Wa%C5%82ki-termiczne-PROluxe<\/a><\/strong><\/p>\n<p style=\"text-align: center;\"><img class=\"aligncenter\" src=\"https:\/\/cdn.idealo.com\/folder\/Product\/5433\/8\/5433876\/s3_produktbild_gross_1\/remington-h9100-proluxe.png\" alt=\"Znalezione obrazy dla zapytania remington PROLUXE h9100\" \/><strong>20 welurowych wa\u0142k\u00f3w u\u0142atwiaj\u0105cych nawijanie w\u0142os\u00f3w \u2013 8 \u015brednich (25 mm) i 12 du\u017cych (32 mm)<\/strong><\/p>\n<p style=\"text-align: center;\"><strong>Nowy, innowacyjny kszta\u0142t klipsa<\/strong><\/p>\n<p style=\"text-align: center;\"><strong>Technologia Dual Heat &#8211; nagrzewanie wa\u0142k\u00f3w i klips\u00f3w w 90 sekund<\/strong><\/p>\n<p style=\"text-align: center;\"><strong>Kompaktowa obudowa- \u0142atwo\u015b\u0107 przechowywania<\/strong><\/p>\n<p style=\"text-align: center;\"><strong>Pokrywa ochronna<\/strong><\/p>\n<p style=\"text-align: center;\"><strong>\u0141atwiejsze przechowywanie, dzi\u0119ki mo\u017cliwo\u015bci owini\u0119cia kabla<\/strong><\/p>\n<p style=\"text-align: center;\"><strong>Ceramiczne, nagrzewaj\u0105ce si\u0119 klipsy<\/strong><\/p>\n<p style=\"text-align: center;\"><strong>Wska\u017anik w\u0142\u0105czenia<\/strong><\/p>\n<p style=\"text-align: center;\"><a href=\"http:\/\/diamentyrynku.pl\/wp-content\/uploads\/2017\/04\/walki1.jpg\"><img loading=\"lazy\" class=\"alignnone size-full wp-image-1610\" src=\"http:\/\/diamentyrynku.pl\/wp-content\/uploads\/2017\/04\/walki1.jpg\" alt=\"walki1\" width=\"640\" height=\"480\" srcset=\"https:\/\/diamentyrynku.pl\/wp-content\/uploads\/2017\/04\/walki1.jpg 640w, https:\/\/diamentyrynku.pl\/wp-content\/uploads\/2017\/04\/walki1-300x225.jpg 300w\" sizes=\"(max-width: 640px) 100vw, 640px\" \/><\/a><\/p>\n<p>Z tego powodu tak bardzo zainteresowa\u0142a mnie nowo\u015b\u0107 marki Remington w postaci wa\u0142k\u00f3w termicznych\u00a0PROluxe. Przyznam, \u017ce jak to kobiet\u0119, najpierw przyku\u0142a moj\u0105 uwag\u0119 bardzo atrakcyjna wizualizacja produktu. Wa\u0142ki utrzymane s\u0105 w pi\u0119knej kolorystyce bladego i liliowego r\u00f3\u017cu, a to wszystko umieszczone w zgrabnej obudowie. Producent sprytnie pomy\u015bla\u0142 o ty co zrobi\u0107 ze zbyt d\u0142ugimi kablami, kt\u00f3re zawsze przeszkadzaj\u0105. Tutaj ten element mo\u017cna w ca\u0142o\u015bci owin\u0105\u0107 wok\u00f3\u0142 specjalnego wg\u0142\u0119bienia u podstawy obudowy. Urz\u0105dzenie jest wi\u0119c pi\u0119knym elementem mojej toaletki i nie musz\u0119 chowa\u0107 go za ka\u017cdym razem do kartona.<\/p>\n<p><img class=\"aligncenter\" src=\"https:\/\/uk.remington-europe.com\/cdn\/manager\/remington-europe_com\/Icons\/SS17\/large_H9100_compact_design_with_wrap_around_cord.png\" \/><\/p>\n<p>Sk\u0142ada si\u0119 z 20 welurowych wa\u0142k\u00f3w &#8211; 8 \u015brednich\u00a0(25 mm) i 12 du\u017cych (32 mm). Taka ilo\u015b\u0107 wa\u0142k\u00f3w wystarczy na bardzo d\u0142ugie i naprawd\u0119 grube w\u0142osy. Oczywi\u015bcie im wi\u0119cej si\u0119 ich nawija na w\u0142osy, cie\u0144szymi partiami tym zawsze skr\u0119t i efekt b\u0119dzie mocniejszy. \u00a0Cho\u0107 ja osobi\u015bcie odwr\u00f3ci\u0142abym tutaj proporcje, aby wi\u0119cej by\u0142o wa\u0142k\u00f3w \u015brednich, ni\u017c du\u017cych.<\/p>\n<p><img class=\"aligncenter\" src=\"https:\/\/uk.remington-europe.com\/cdn\/manager\/remington-europe_com\/Icons\/SS17\/large_H9100_20_velve_rollers.png\" \/><\/p>\n<p>Po w\u0142\u0105czeniu urz\u0105dzenia wa\u0142ki niemal natychmiast zaczynaj\u0105 si\u0119 nagrzewa\u0107. Daj\u0119 im oko\u0142o 3 minut czasu na solidne nabranie ciep\u0142a i rozpoczynam nak\u0142adanie na w\u0142osy. Pierwsza kwestia za kt\u00f3r\u0105 uwielbiam wa\u0142ki PROluxe jest to, \u017ce s\u0105 nies\u0142ychanie lekkie. Mia\u0142am do\u015bwiadczenie z\u00a0termo wa\u0142kami innych producent\u00f3w i zazwyczaj by\u0142y one bardzo ci\u0119\u017ckie przez co czu\u0142am potem na g\u0142owie, jak dos\u0142ownie ci\u0105gn\u0105 w\u0142osy od cebulek. Wa\u0142ki Remington s\u0105 niewyczuwalne na g\u0142owie, nie sprawiaj\u0105 dyskomfortu, nie daj\u0105 uczucia ci\u0119\u017cko\u015bci.<\/p>\n<p><a href=\"http:\/\/diamentyrynku.pl\/wp-content\/uploads\/2017\/04\/walkii2.jpg\"><img loading=\"lazy\" class=\"size-full wp-image-1609 aligncenter\" src=\"http:\/\/diamentyrynku.pl\/wp-content\/uploads\/2017\/04\/walkii2.jpg\" alt=\"walkii2\" width=\"480\" height=\"640\" srcset=\"https:\/\/diamentyrynku.pl\/wp-content\/uploads\/2017\/04\/walkii2.jpg 480w, https:\/\/diamentyrynku.pl\/wp-content\/uploads\/2017\/04\/walkii2-225x300.jpg 225w\" sizes=\"(max-width: 480px) 100vw, 480px\" \/><\/a><\/p>\n<p>Poza tym s\u0105 to termowa\u0142ki, kt\u00f3re nie parz\u0105 ani palc\u00f3w przy ich nak\u0142adaniu na pasma, ale co wa\u017cne potem wa\u0142ek nie parzy sk\u00f3ry g\u0142owy. Warto zwr\u00f3ci\u0107 uwag\u0119 na klipsy, kt\u00f3re tak\u017ce si\u0119 nagrzewaj\u0105 i tym samym pomagaj\u0105 w lepszym skr\u0119cie w\u0142os\u00f3w. Klipsy s\u0105 bardzo \u0142atwe w zastosowaniu, nie \u0142ami\u0105 i nie rw\u0105 w\u0142os\u00f3w. Wa\u0142ek pokryty specjalnym czarnym welurowym materia\u0142em zabezpiecza tak\u017ce przed ze\u015blizgiwaniem si\u0119 z niego klipsa. Tak przyjemne wa\u0142ki mog\u0119 z przyjemno\u015bci\u0105 trzyma\u0107 na g\u0142owie d\u0142u\u017cej ni\u017c zalecane przez producenta 5 minut. Zazwyczaj trzymam je wi\u0119c od 10-15 minut.<\/p>\n<p><img class=\"aligncenter\" src=\"https:\/\/www.euronics.hu\/image\/cikk\/Nqv1vex7OSt0Bh3wbNWOBiVff\/290\" alt=\"Znalezione obrazy dla zapytania remington PROLUXE h9100\" \/><\/p>\n<p>Wa\u0142ki zdejmuje si\u0119 z w\u0142os\u00f3w w spos\u00f3b bardzo przyjemny i \u0142atwy. Klipsy nie pozostawiaj\u0105 \u017cadnych odcisk\u00f3w czy za\u0142ama\u0144 na w\u0142osach. A efekt jest bajeczny!<\/p>\n<p><img class=\"aligncenter\" src=\"https:\/\/s-media-cache-ak0.pinimg.com\/736x\/a4\/8b\/aa\/a48baabbe76ab4cc0e7da63f705b0d58.jpg\" alt=\"Znalezione obrazy dla zapytania waves hair\" \/><\/p>\n<p>Loki s\u0105 bardzo mi\u0119kkie, \u0142agodnie zakr\u0119cone. Wi\u0119ksze wa\u0142ki nadaj\u0105 lekkie fale, mniejsze wa\u0142ki to nadal naturalne loki. osoby, kt\u00f3re boj\u0105 si\u0119 postarzaj\u0105cych sztucznie wygl\u0105daj\u0105cych mocno skr\u0119conych loczk\u00f3w powinny zaufa\u0107 tutaj Remington i PROluxe. Efekt utrzymuje si\u0119 ca\u0142y dzie\u0144, nawet przy wilgotnej pogodzie. Jestem zachwycona tym urz\u0105dzeniem, bo mog\u0119 mie\u0107 pi\u0119kne fale i loki na co dzie\u0144 nie nara\u017caj\u0105c moich w\u0142os\u00f3w na zniszczenie. U\u017cywam produktu regularnie i nie zauwa\u017cy\u0142am zwi\u0119kszenia \u0142amliwo\u015bci, wysuszenia, czy wypadania w\u0142os\u00f3w.\u00a0Naturalnie wygl\u0105daj\u0105ce, pi\u0119kne i mi\u0119kkie to marzenie do spe\u0142nienia dzi\u0119ki Remington PROluxe.<\/p>\n<h3 style=\"text-align: center;\"><span style=\"color: #ff6600;\"><strong>POLECAM!<\/strong><\/span><\/h3>\n<p style=\"text-align: center;\">Moja ocena: 5\/5, czyli diamentowe wa\u0142ki PROluxe Remington<\/p>\n","protected":false},"excerpt":{"rendered":"<p>Loki i fale to wyj\u0105tkowo kobiece fryzury a do tego doskonale sprawdz\u0105 si\u0119 na co dzie\u0144, zw\u0142aszcza wiosn\u0105 i latem. Kt\u00f3ra z nas zatem o niech nie marzy?\u00a0 Fryzura taka wnosi odrobin\u0119 luzu i nonszalancji, zdecydowanie wpisuj\u0105cej si\u0119 w miejskie trendy. Loki i fale bez w\u0105tpienia zdadz\u0105 r\u00f3wnie\u017c egzamin podczas wieczornych wyj\u015b\u0107 do klubu, gdzie &#8230; <span class=\"more\"><a class=\"more-link\" href=\"https:\/\/diamentyrynku.pl\/index.php\/2017\/04\/17\/remington-walki-termiczne-proluxe-czyli-idealne-loki-na-co-dzien\/\">[Czytaj wi\u0119cej&#8230;]<\/a><\/span><\/p>\n","protected":false},"author":1,"featured_media":1600,"comment_status":"closed","ping_status":"closed","sticky":false,"template":"","format":"standard","meta":[],"categories":[201],"tags":[239,238,19],"_links":{"self":[{"href":"https:\/\/diamentyrynku.pl\/index.php\/wp-json\/wp\/v2\/posts\/1599"}],"collection":[{"href":"https:\/\/diamentyrynku.pl\/index.php\/wp-json\/wp\/v2\/posts"}],"about":[{"href":"https:\/\/diamentyrynku.pl\/index.php\/wp-json\/wp\/v2\/types\/post"}],"author":[{"embeddable":true,"href":"https:\/\/diamentyrynku.pl\/index.php\/wp-json\/wp\/v2\/users\/1"}],"replies":[{"embeddable":true,"href":"https:\/\/diamentyrynku.pl\/index.php\/wp-json\/wp\/v2\/comments?post=1599"}],"version-history":[{"count":2,"href":"https:\/\/diamentyrynku.pl\/index.php\/wp-json\/wp\/v2\/posts\/1599\/revisions"}],"predecessor-version":[{"id":1611,"href":"https:\/\/diamentyrynku.pl\/index.php\/wp-json\/wp\/v2\/posts\/1599\/revisions\/1611"}],"wp:featuredmedia":[{"embeddable":true,"href":"https:\/\/diamentyrynku.pl\/index.php\/wp-json\/wp\/v2\/media\/1600"}],"wp:attachment":[{"href":"https:\/\/diamentyrynku.pl\/index.php\/wp-json\/wp\/v2\/media?parent=1599"}],"wp:term":[{"taxonomy":"category","embeddable":true,"href":"https:\/\/diamentyrynku.pl\/index.php\/wp-json\/wp\/v2\/categories?post=1599"},{"taxonomy":"post_tag","embeddable":true,"href":"https:\/\/diamentyrynku.pl\/index.php\/wp-json\/wp\/v2\/tags?post=1599"}],"curies":[{"name":"wp","href":"https:\/\/api.w.org\/{rel}","templated":true}]}}