{"id":1931,"date":"2018-01-27T21:22:02","date_gmt":"2018-01-27T20:22:02","guid":{"rendered":"http:\/\/diamentyrynku.pl\/?p=1931"},"modified":"2018-01-27T21:22:02","modified_gmt":"2018-01-27T20:22:02","slug":"polskie-kurtki-cabba-idealny-wybor-na-zime-3","status":"publish","type":"post","link":"https:\/\/diamentyrynku.pl\/index.php\/2018\/01\/27\/polskie-kurtki-cabba-idealny-wybor-na-zime-3\/","title":{"rendered":"Polskie kurtki CABBA &#8211; idealny wyb\u00f3r na zim\u0119!"},"content":{"rendered":"<p><img class=\"transparent aligncenter\" src=\"http:\/\/www.cabba.pl\/images\/logo.png\" alt=\"http:\/\/www.cabba.pl\/images\/logo.png\" \/><\/p>\n<p>Prawdziwa zima zbli\u017ca si\u0119 coraz wi\u0119kszymi krokami. Coraz cz\u0119\u015bciej chowamy kr\u00f3tkie kurtki g\u0142\u0119boko na dno szafy, a rozgl\u0105damy si\u0119 za d\u0142u\u017cszymi. Popularno\u015bci\u0105 ciesz\u0105 si\u0119 kurtki-p\u0142aszczyki puchowe licznie oferowane w sieci\u00f3wkach. Niestety, moje do\u015bwiadczenia w\u0142asne pokazuj\u0105, \u017ce tym modelom daleko do porz\u0105dnych, ciep\u0142ych wytrzyma\u0142ych kurtek zimowych. Nie do\u015b\u0107, \u017ce s\u0105 cz\u0119sto cienkie, to s\u0142abo wykonane. Watolina szybko kulkuje si\u0119 w praniu, nierzadko pruj\u0105 si\u0119 nitki na pikowaniach.<\/p>\n<p>Chcia\u0142abym dzisiaj przedstawi\u0107 lepsz\u0105 alternatyw\u0119 w postaci polskich kurtek CABBA. Producenta kurtek odkry\u0142am zupe\u0142nie przypadkowo, a jak si\u0119 okaza\u0142o, jedna z jego kurtek zosta\u0142a moj\u0105 tegoroczn\u0105 zimow\u0105 pere\u0142k\u0105, a jak s\u0105dz\u0119 pos\u0142u\u017cy mi z powodzeniem na kilka sezon\u00f3w.<\/p>\n<p>Na pocz\u0105tek kilka s\u0142\u00f3w przybli\u017cenia nt. producenta CABBA. Oto jak producent sam przedstawia swoje ubrania:<\/p>\n<p><em>&#8220;Mark\u0119 odzie\u017cowa Cabba &#8211; modne i eleganckie okrycia wierzchnie dla kobiet na ka\u017cd\u0105 por\u0119 roku. To bluzy polarowe, p\u0142aszcze zimowe oraz kurtki damskie. Producent PPHU Ig\u0142a to polska firma szyj\u0105ca z najwy\u017cszej jako\u015bci materia\u0142\u00f3w i bazuj\u0105ca na naj\u015bwie\u017cszych trendach. Polecamy efektowne, ciep\u0142e p\u0142aszcze damskie i pikowane kurtki zimowe z kapturem lub bez, w najch\u0119tniej wybieranych wariantach kolorystycznych. W ofercie lekkie okrycia wiosenne i puchowe wersje niezast\u0105pione na zim\u0119. Wysoka jako\u015b\u0107 fasonu i odszycia gwarantuje komfortowe u\u017cytkowanie przez kilka sezon\u00f3w. Nieprzemakalne i odporne na wiatr materia\u0142y skutecznie chroni\u0105 przed niesprzyjaj\u0105c\u0105 pogod\u0105. <\/em><br \/>\n<em>Przyjmujemy zlecenia na zam\u00f3wienia masowe, zar\u00f3wno na rynek krajowy, jak i zagraniczny, r\u00f3wnie\u017c od firm prywatnych.&#8221;<\/em><\/p>\n<p style=\"text-align: center;\">Powy\u017cszy opis oraz dok\u0142adne kolekcje mo\u017cna obejrze\u0107 na stronie w\u0142asnej marki:<\/p>\n<p style=\"text-align: center;\"><span style=\"color: #0000ff;\"><strong>http:\/\/www.cabba.pl\/<\/strong><\/span><\/p>\n<p style=\"text-align: left;\">Kurtki Cabba zachwyci\u0142y mnie zgrabnymi kobiecymi krojami i uniwersalnymi, praktycznymi kolorami w sam raz do noszenia na co dzie\u0144.<\/p>\n<p style=\"text-align: left;\">\n<p style=\"text-align: left;\"><img src=\"http:\/\/www.cabba.pl\/files\/gallery\/photo\/max\/15025487064385_igla_26062017_007.jpg\" \/><\/p>\n<p style=\"text-align: left;\">\n<p style=\"text-align: left;\">\n<p style=\"text-align: left;\">Kurtka ta wyst\u0119puje w odcieniu malinowo-czerwonym, granacie i czarnym i t\u0119 ostatni\u0105 wersj\u0119 posiadam. Wielka zaleta kurtki to jej kr\u00f3j, kt\u00f3ry jest absolutnie kobiecy i maskuj\u0105cy ewentualne mankamenty sylwetki. Jednym s\u0142owem kurtka wyszczupla tali\u0119. Pikowana jest w spos\u00f3b pionowych pas\u00f3w i w ten spos\u00f3b nie dodaje kilogram\u00f3w. Mo\u017ce by\u0107 wi\u0119c to \u015bwietna kurtka dla Pa\u0144 z nadwag\u0105, kt\u00f3re z obawy przed dodaniem sobie kilogram\u00f3w omija\u0142y takie kurtki z daleka.<\/p>\n<p style=\"text-align: left;\">Od \u015brodka posiada wytrzyma\u0142\u0105, mi\u0119kk\u0105, przyjemn\u0105 podszewk\u0119 w ciemnym kolorze. Zapinana jest na solidny zamek, kt\u00f3ry uchroni przed podwiewaniem mro\u017anego powietrza. Dodatkowo producent dodaje na boku r\u0119kawa ciekawy wz\u00f3r \u015bnie\u017cki, \u00a0kt\u00f3ra jest ozdob\u0105 kurtki.<\/p>\n<p style=\"text-align: left;\"><img src=\"http:\/\/www.cabba.pl\/files\/gallery\/photo\/max\/15025487037133_igla_26062017_006.jpg\" \/><\/p>\n<p style=\"text-align: left;\">\n<p style=\"text-align: left;\">Uwielbiam w kurtce CABBA tak\u017ce 2 kolejne elementy, kt\u00f3re sprawiaj\u0105, \u017ce zima jest mi mniej straszna. Bardzo szeroki \u00a0ko\u0142nierz, kt\u00f3ry mo\u017cna postawi\u0107 na sztorc i ca\u0142kowicie zabezpieczy\u0107 kark, szyj\u0119, a nawet doln\u0105 cz\u0119\u015b\u0107 twarzy przed zimnem i wiatrem. I w ko\u0144cu doczeka\u0142am si\u0119 kurtki, gdzie kaptur jest z prawdziwego zdarzenia. Zawsze trafia\u0142am na delikatne kapturki wchodz\u0105ce na po\u0142ow\u0119 g\u0142owy, nie m\u00f3wi\u0105c ju\u017c o jakim\u015b zabezpieczeniu twarzy przed \u015bniegiem, deszczem. Kaptur w kurtce Cabba pozwala dba\u0107 o ciep\u0142o g\u0142owy i wygl\u0105d naszej twarzy. I chyba tutaj musz\u0119 wspomnie\u0107 wa\u017cn\u0105 informacj\u0119 dla ka\u017cdej Pani, \u017ce z tym kapturem makija\u017c oczu przetrwa ka\u017cd\u0105 \u015bnie\u017cyc\u0119:-)<\/p>\n<p style=\"text-align: left;\">\n<p style=\"text-align: left;\"><img src=\"http:\/\/www.cabba.pl\/files\/gallery\/photo\/max\/15025487093909_igla_26062017_008.jpg\" \/><\/p>\n<p style=\"text-align: left;\"><img src=\"http:\/\/www.cabba.pl\/files\/gallery\/photo\/max\/15025487023474_igla_26062017_005.jpg\" \/><\/p>\n<p style=\"text-align: left;\">\n<p style=\"text-align: left;\">Po wskazaniu wszystkich powy\u017cszych walor\u00f3w estetycznych, czas skupi\u0107 si\u0119 na funkcjonalno\u015bci kurtki. Nasuwa si\u0119 zatem pytanie, czy kurtka Cabba jest ciep\u0142a? Ot\u00f3\u017c bardzo dobrze trzyma ciep\u0142ot\u0119 cia\u0142a, chroni przed wiatrem.\u00a0 Kurtka jest na tyle d\u0142uga, \u017ce zapobiegnie przemarzni\u0119ciu nerek, a z drugiej strony jest na tyle kr\u00f3tka, \u017ce taka stworzona do szybkiego poruszania si\u0119 na co dzie\u0144 po mie\u015bcie. Warto doda\u0107, \u017ce nie kr\u0119puje ruch\u00f3w, nie jest to kurtka, kt\u00f3r\u0105 ubierzemy i czujemy si\u0119, jak eskimos. Nie, to kurtka w kt\u00f3rej, ja jako kobieta czuj\u0119 si\u0119 zgrabnie i stylowo. I to na tyle, \u017ce odk\u0105d j\u0105 mam cz\u0119\u015bciej nosz\u0119 sukienki:-) Wa\u017cy tak niewiele, ale czu\u0107, \u017ce w \u015brodku ma dobry, porz\u0105dny gruby puch. Nie ulega zniekszta\u0142ceniu, np. przy siadaniu nie zauwa\u017cy\u0142am, aby potem watolina si\u0119 odgniata\u0142a. Moja mama, kt\u00f3ra kiedy\u015b, jako krawcowa pracowa\u0142a przy produkcji kurtek ma oko do jako\u015bci wykonania. Stwierdzi\u0142a, \u017ce to kurtka uszyta z najwy\u017csz\u0105 staranno\u015bci\u0105 i b\u0119dzie mi s\u0142u\u017cy\u0107 d\u0142ugie lata. Zgadzam si\u0119 w zupe\u0142no\u015bci, bo w kurtce Cabba, nie zauwa\u017cy\u0142am, aby by\u0142y nier\u00f3wne przeszycia, czy odstaj\u0105ce nitki itp. Wszystko jest jak nale\u017cy!<\/p>\n<p style=\"text-align: left;\">Mog\u0119 ze stanowczo\u015bci\u0105 poleci\u0107 polskie kurtki Cabba kobietom, kt\u00f3re poszukuj\u0105 solidnego produktu w postaci cieplutkiej, zgrabnej, komfortowej w noszeniu kurtki.<\/p>\n<p style=\"text-align: center;\"><em><span style=\"color: #ff6600;\"><strong>POLECAM!<\/strong><\/span><\/em><\/p>\n<p style=\"text-align: center;\">Na koniec trzeba wspomnie\u0107, gdzie mo\u017cna kupi\u0107 kurtki CABBA. Ot\u00f3\u017c najlepiej skontaktowa\u0107 si\u0119 bezpo\u015brednio z producentem w przypadku ch\u0119ci zakup\u00f3w hurtowych &#8211;<strong> cabba@wp.pl. <\/strong>Marka tak\u017ce na sta\u0142e wsp\u00f3\u0142pracuje z <strong>Domem Mody we Wroc\u0142awiu<\/strong> oraz oferuje sprzeda\u017c hurtow\u0105 na terenie miast w ca\u0142ej Polsce.<\/p>\n<p style=\"text-align: center;\">\n<p style=\"text-align: center;\"><strong>Moja ocena: 5\/5, czyli Diamentowa Kurtka Zimowa:-)<\/strong><\/p>\n","protected":false},"excerpt":{"rendered":"<p>Prawdziwa zima zbli\u017ca si\u0119 coraz wi\u0119kszymi krokami. Coraz cz\u0119\u015bciej chowamy kr\u00f3tkie kurtki g\u0142\u0119boko na dno szafy, a rozgl\u0105damy si\u0119 za d\u0142u\u017cszymi. Popularno\u015bci\u0105 ciesz\u0105 si\u0119 kurtki-p\u0142aszczyki puchowe licznie oferowane w sieci\u00f3wkach. Niestety, moje do\u015bwiadczenia w\u0142asne pokazuj\u0105, \u017ce tym modelom daleko do porz\u0105dnych, ciep\u0142ych wytrzyma\u0142ych kurtek zimowych. Nie do\u015b\u0107, \u017ce s\u0105 cz\u0119sto cienkie, to s\u0142abo wykonane. Watolina &#8230; <span class=\"more\"><a class=\"more-link\" href=\"https:\/\/diamentyrynku.pl\/index.php\/2018\/01\/27\/polskie-kurtki-cabba-idealny-wybor-na-zime-3\/\">[Czytaj wi\u0119cej&#8230;]<\/a><\/span><\/p>\n","protected":false},"author":1,"featured_media":1932,"comment_status":"closed","ping_status":"closed","sticky":false,"template":"","format":"standard","meta":[],"categories":[201],"tags":[],"_links":{"self":[{"href":"https:\/\/diamentyrynku.pl\/index.php\/wp-json\/wp\/v2\/posts\/1931"}],"collection":[{"href":"https:\/\/diamentyrynku.pl\/index.php\/wp-json\/wp\/v2\/posts"}],"about":[{"href":"https:\/\/diamentyrynku.pl\/index.php\/wp-json\/wp\/v2\/types\/post"}],"author":[{"embeddable":true,"href":"https:\/\/diamentyrynku.pl\/index.php\/wp-json\/wp\/v2\/users\/1"}],"replies":[{"embeddable":true,"href":"https:\/\/diamentyrynku.pl\/index.php\/wp-json\/wp\/v2\/comments?post=1931"}],"version-history":[{"count":1,"href":"https:\/\/diamentyrynku.pl\/index.php\/wp-json\/wp\/v2\/posts\/1931\/revisions"}],"predecessor-version":[{"id":1933,"href":"https:\/\/diamentyrynku.pl\/index.php\/wp-json\/wp\/v2\/posts\/1931\/revisions\/1933"}],"wp:featuredmedia":[{"embeddable":true,"href":"https:\/\/diamentyrynku.pl\/index.php\/wp-json\/wp\/v2\/media\/1932"}],"wp:attachment":[{"href":"https:\/\/diamentyrynku.pl\/index.php\/wp-json\/wp\/v2\/media?parent=1931"}],"wp:term":[{"taxonomy":"category","embeddable":true,"href":"https:\/\/diamentyrynku.pl\/index.php\/wp-json\/wp\/v2\/categories?post=1931"},{"taxonomy":"post_tag","embeddable":true,"href":"https:\/\/diamentyrynku.pl\/index.php\/wp-json\/wp\/v2\/tags?post=1931"}],"curies":[{"name":"wp","href":"https:\/\/api.w.org\/{rel}","templated":true}]}}