{"id":2388,"date":"2018-11-23T20:24:57","date_gmt":"2018-11-23T19:24:57","guid":{"rendered":"http:\/\/diamentyrynku.pl\/?p=2388"},"modified":"2018-11-23T20:24:57","modified_gmt":"2018-11-23T19:24:57","slug":"il-salone-milano-legendarne-produkty-moim-odkryciem","status":"publish","type":"post","link":"https:\/\/diamentyrynku.pl\/index.php\/2018\/11\/23\/il-salone-milano-legendarne-produkty-moim-odkryciem\/","title":{"rendered":"IL SALONE MILANO &#8211; Legendarne produkty moim odkryciem!"},"content":{"rendered":"<p>IL SALONE MILANO to marka najcz\u0119\u015bciej wybierana przez najlepszych fryzjer\u00f3w od niemal 40 lat.<\/p>\n<p>W latach 80-tych ubieg\u0142ego stulecia zachwycono si\u0119 produktami IL SALONE MILANO w najlepszych salonach fryzjerskich we W\u0142oszech i w kr\u00f3tkim czasie marka podbi\u0142a wiod\u0105ce salony fryzjerskie na ca\u0142ym \u015bwiecie. <strong>Czy podbi\u0142a te\u017c moje serce?<br \/>\n<\/strong><\/p>\n<p>Moj\u0105 przygod\u0119 z tymi kosmetykami rozpocz\u0119\u0142am od serii z keratyn\u0105. Do tej pory zz regu\u0142y stosowa\u0142am kosmetyki drogeryjne, dlatego by\u0142am ciekawa jak sprawdzi si\u0119 u mnie duet szamponu i od\u017cywki, kt\u00f3r\u0105 stosuj\u0105 fryzjerzy.<\/p>\n<p>Klasyczne,\u00a0 takie typowo fryzjerskie opakowania prezentuj\u0105 si\u0119 elegancko na \u0142azienkowej p\u00f3\u0142ce. Butelki du\u017ce ale bardzo jednocze\u015bnie por\u0119czne i funkcjonalne w stosowaniu.<\/p>\n<p>Szampon przeznaczony do w\u0142os\u00f3w normalnych i suchych, ma konsystencj\u0119 \u017celow\u0105 &#8211; tak\u0105 jak\u0105 lubie, jest prze\u017aroczysty, \u015bwietnie si\u0119 pieni i do tego pi\u0119knie pachnie, \u015bwie\u017co i przyjemnie, zapach bardzo d\u0142ugo utrzymuje si\u0119 na w\u0142osach. Jest bardzo wydajny, wystarczy odrobina by dok\u0142adnie umy\u0107 w\u0142osy, doskonale oczyszczaj\u0105c zar\u00f3wno je jak i sk\u00f3r\u0119 g\u0142owy. W\u0142osy po umyciu s\u0105 lekkie, mi\u0119kkie i wyg\u0142adzone.<\/p>\n<p><img loading=\"lazy\" class=\"irc_mi aligncenter\" src=\"http:\/\/jestemkobieta.com\/wp-content\/uploads\/2018\/10\/il-salone-shampoo-ristrutturazione.jpg\" alt=\"Znalezione obrazy dla zapytania il salone milano szampon keratyna\" width=\"176\" height=\"386\" \/><\/p>\n<p>Od\u017cywka r\u00f3wnie\u017c przeznaczona do w\u0142os\u00f3w normalnych i suchych jest g\u0119sta, kremowa w kolorze bia\u0142ym. Uwielbiam jej zapach! Wystarczy j\u0105 na\u0142o\u017cy\u0107 i w\u0142a\u015bciwie od razu mo\u017cna sp\u0142uka\u0107 z braku czasu, by cieszy\u0107 si\u0119 \u0142atwo\u015bci\u0105 rozczesywania, mi\u0119kko\u015bci\u0105 i nawil\u017conymi w\u0142osami.<\/p>\n<p><img loading=\"lazy\" class=\"irc_mi aligncenter\" src=\"http:\/\/jestemkobieta.com\/wp-content\/uploads\/2018\/10\/il-salone-maschera-ristrutturazione.jpg\" alt=\"Znalezione obrazy dla zapytania il salone milano szampon keratyna\" width=\"270\" height=\"386\" \/><\/p>\n<p>Ten duet jest fenomenalny poniewa\u017c we w\u0142asnym domu, mog\u0119 sprawi\u0107, \u017ce moje w\u0142osy wygl\u0105daj\u0105 jak wysz\u0142abym prosto od fryzjera. W\u0142osy s\u0105 nawil\u017cone, od\u017cywione, ale nie obci\u0105\u017cone. Nie pusz\u0105 si\u0119, tylko s\u0105 bardziej zdyscyplinowane, oraz du\u017co \u0142atwiejsze do u\u0142o\u017cenia, a do tego d\u0142ugo i pi\u0119knie pachn\u0105.<br \/>\nW\u0142a\u015bnie ten zapach chyba najbardziej mnie urzeka, jest kobiecy, taki ciep\u0142y, mi\u0119kki. Nawet teraz moje czapki pachn\u0105 od tego szamponu! Polecam!<\/p>\n","protected":false},"excerpt":{"rendered":"<p>IL SALONE MILANO to marka najcz\u0119\u015bciej wybierana przez najlepszych fryzjer\u00f3w od niemal 40 lat. W latach 80-tych ubieg\u0142ego stulecia zachwycono si\u0119 produktami IL SALONE MILANO w najlepszych salonach fryzjerskich we W\u0142oszech i w kr\u00f3tkim czasie marka podbi\u0142a wiod\u0105ce salony fryzjerskie na ca\u0142ym \u015bwiecie. Czy podbi\u0142a te\u017c moje serce? Moj\u0105 przygod\u0119 z tymi kosmetykami rozpocz\u0119\u0142am od &#8230; <span class=\"more\"><a class=\"more-link\" href=\"https:\/\/diamentyrynku.pl\/index.php\/2018\/11\/23\/il-salone-milano-legendarne-produkty-moim-odkryciem\/\">[Czytaj wi\u0119cej&#8230;]<\/a><\/span><\/p>\n","protected":false},"author":1,"featured_media":2390,"comment_status":"closed","ping_status":"closed","sticky":false,"template":"","format":"standard","meta":[],"categories":[5],"tags":[],"_links":{"self":[{"href":"https:\/\/diamentyrynku.pl\/index.php\/wp-json\/wp\/v2\/posts\/2388"}],"collection":[{"href":"https:\/\/diamentyrynku.pl\/index.php\/wp-json\/wp\/v2\/posts"}],"about":[{"href":"https:\/\/diamentyrynku.pl\/index.php\/wp-json\/wp\/v2\/types\/post"}],"author":[{"embeddable":true,"href":"https:\/\/diamentyrynku.pl\/index.php\/wp-json\/wp\/v2\/users\/1"}],"replies":[{"embeddable":true,"href":"https:\/\/diamentyrynku.pl\/index.php\/wp-json\/wp\/v2\/comments?post=2388"}],"version-history":[{"count":1,"href":"https:\/\/diamentyrynku.pl\/index.php\/wp-json\/wp\/v2\/posts\/2388\/revisions"}],"predecessor-version":[{"id":2391,"href":"https:\/\/diamentyrynku.pl\/index.php\/wp-json\/wp\/v2\/posts\/2388\/revisions\/2391"}],"wp:featuredmedia":[{"embeddable":true,"href":"https:\/\/diamentyrynku.pl\/index.php\/wp-json\/wp\/v2\/media\/2390"}],"wp:attachment":[{"href":"https:\/\/diamentyrynku.pl\/index.php\/wp-json\/wp\/v2\/media?parent=2388"}],"wp:term":[{"taxonomy":"category","embeddable":true,"href":"https:\/\/diamentyrynku.pl\/index.php\/wp-json\/wp\/v2\/categories?post=2388"},{"taxonomy":"post_tag","embeddable":true,"href":"https:\/\/diamentyrynku.pl\/index.php\/wp-json\/wp\/v2\/tags?post=2388"}],"curies":[{"name":"wp","href":"https:\/\/api.w.org\/{rel}","templated":true}]}}