{"id":2890,"date":"2019-12-15T09:50:23","date_gmt":"2019-12-15T08:50:23","guid":{"rendered":"https:\/\/diamentyrynku.pl\/?p=2890"},"modified":"2019-12-15T09:50:23","modified_gmt":"2019-12-15T08:50:23","slug":"lirene-nowosci-jesienne-w-mojej-kosmetyczce","status":"publish","type":"post","link":"https:\/\/diamentyrynku.pl\/index.php\/2019\/12\/15\/lirene-nowosci-jesienne-w-mojej-kosmetyczce\/","title":{"rendered":"Lirene &#8211; nowo\u015bci jesienne w mojej kosmetyczce"},"content":{"rendered":"<p>P\u00f3\u017an\u0105 jesieni\u0105 marka Lirene zacz\u0119\u0142a rozpieszcza\u0107 nas cudownymi nowo\u015bciami kosmetycznymi. Szczeg\u00f3lnie mnie zachwyci\u0142a seria naturalna, musz\u0119 przyzna\u0107, \u017ce pi\u0119kny design opakowa\u0144 mnie po prostu zauroczy\u0142a od pierwszego wra\u017cenia. Uwielbiam kosmetyki ze sk\u0142adami ro\u015blinnymi, zio\u0142owymi, wi\u0119c nie omieszka\u0142am zatem si\u0119gn\u0105\u0107 po nowo\u015bci Lirene. Poni\u017cej moje pere\u0142ki kosmetyczne jesieni.<\/p>\n<h3 style=\"text-align: center;\"><strong><span class=\"bluebig\">CHIA Przeciwzmarszczkowy bogaty krem od\u017cywczy<img loading=\"lazy\" title=\"\" src=\"https:\/\/sklep.lirene.com\/foto\/produkty\/big\/p2083_chia_odzyw_d.jpg\" width=\"300\" height=\"350\" border=\"0\" \/><\/span><\/strong><\/h3>\n<p style=\"text-align: center;\"><a href=\"https:\/\/sklep.lirene.com\/pl\/product\/chia-przeciwzmarszczkowy-bogaty-krem-odzywczy-2083.html\">https:\/\/sklep.lirene.com\/pl\/product\/chia-przeciwzmarszczkowy-bogaty-krem-odzywczy-2083.html<\/a><\/p>\n<p>Kremu u\u017cywa\u0142am przez ostatni miesi\u0105c i zauwa\u017cy\u0142am fenomenaln\u0105 popraw\u0119 wygl\u0105du mojej sk\u00f3ry. Sta\u0142a si\u0119 taka promienna, g\u0142adka, twarz wygl\u0105da na wypocz\u0119t\u0105. Stosuj\u0119 na dzie\u0144, jako ochron\u0119 sk\u00f3ry przed zimnem i wiatrem. Ale mimo, \u017ce pozostawia warstewk\u0119 ochronn\u0105 to te\u017c dobrze sprawdza si\u0119 pod podk\u0142ad &#8211; makija\u017c nie sp\u0142ywa. Ma niesamowicie przyjemny zapach. Polecam!<\/p>\n<p>&nbsp;<\/p>\n<h3 style=\"text-align: center;\"><strong><span class=\"bluebig\">GOJI Odm\u0142adzaj\u0105cy krem regeneruj\u0105cy<\/span><\/strong><\/h3>\n<p><img loading=\"lazy\" class=\"aligncenter\" title=\"\" src=\"https:\/\/sklep.lirene.com\/foto\/produkty\/big\/p2084_goji_regener_d.jpg\" width=\"300\" height=\"350\" border=\"0\" \/><\/p>\n<p style=\"text-align: center;\"><a href=\"https:\/\/sklep.lirene.com\/pl\/product\/goji-odmladzajacy-krem-regenerujacy-2084.html\">https:\/\/sklep.lirene.com\/pl\/product\/goji-odmladzajacy-krem-regenerujacy-2084.html<\/a><\/p>\n<p>Krem posiada delikatn\u0105, mleczn\u0105 konsystencj\u0119, bardzo przyjemnie rozprowadza si\u0119 na sk\u00f3rze. Pozostawia tak\u0105 delikatn\u0105 warstewk\u0119 ochronn\u0105. kt\u00f3r\u0105 bardzo lubi\u0119. Krem \u015bwietnie nawil\u017ca sk\u00f3r\u0119, robi si\u0119 g\u0142adka, mi\u0119kka. Ma silne w\u0142a\u015bciwo\u015bci roz\u015bwietlania, wyr\u00f3wnywania kolorytu sk\u00f3ry ale jednocze\u015bnie nie podra\u017cnia. Jednak przede wszystkim uwielbiam ten produkt za efekt uj\u0119drniaj\u0105cy sk\u00f3r\u0119. Cera z dnia na dzie\u0144 wygl\u0105da na zdrowsz\u0105, g\u0142adsz\u0105, bardziej mi\u0119kk\u0105, zmniejszona jest\u00a0 widoczno\u015b\u0107 zmarszczek. Twarz wygl\u0105da na promienn\u0105, wypocz\u0119t\u0105. U\u017cywa\u0142am go codziennie i po oko\u0142o 2 tygodniach zauwa\u017cy\u0142am, \u017ce delikatne zmarszczki mimiczne na czole znacznie si\u0119 wyp\u0142yci\u0142y. Sk\u00f3ra ma jakby g\u0142adsz\u0105 struktur\u0119, jest\u00a0 delikatniejsza. Odk\u0105d u\u017cywam tego kremu nie mam problem\u00f3w z suchymi sk\u00f3rkami, mam wra\u017cenie, \u017ce sk\u00f3ra jest tak\u017ce bardziej elastyczna, j\u0119drna.<\/p>\n<h3 style=\"text-align: center;\"><strong><span class=\"bluebig\">ECO PEELING-MASKA 2w1 WYG\u0141ADZAJ\u0104CA, ORGANICZNA BIA\u0141A HERBATA<\/span><\/strong><\/h3>\n<p><img loading=\"lazy\" class=\"aligncenter\" title=\"\" src=\"https:\/\/sklep.lirene.com\/foto\/produkty\/big\/p2068_ecopeeling_2w1_d.jpg\" width=\"300\" height=\"350\" border=\"0\" \/><\/p>\n<p><a href=\"https:\/\/sklep.lirene.com\/pl\/product\/eco-peeling-maska-2w1-wygladzajaca-organiczna-biala-herbata-2068.html\">https:\/\/sklep.lirene.com\/pl\/product\/eco-peeling-maska-2w1-wygladzajaca-organiczna-biala-herbata-2068.html<\/a><\/p>\n<p>Produktu u\u017cywam jako maski, trzymam j\u0105 na twarzy nawet do 30 minut. Efekt to rozja\u015bniona mi\u0119kka, g\u0142adka sk\u00f3ra. Maska sprawdza si\u0119 u mnie przed wi\u0119kszym wyj\u015bciem bo doprowadza moj\u0105 sk\u00f3r\u0119 do idealnego wygl\u0105du. Wyg\u0142adza, nawil\u017ca, usuwa sk\u00f3re sk\u00f3rki, czy chropowato\u015b\u0107. Polecam!<\/p>\n<h3><\/h3>\n<h3 style=\"text-align: center;\"><span class=\"bluebig\">ECO \u017bEL MYJ\u0104CY DO TWARZY ORGANICZNA BIA\u0141A HERBATA<img src=\"https:\/\/sklep.lirene.com\/foto\/produkty\/big\/p2069_ecozel_d.jpg\" alt=\"https:\/\/sklep.lirene.com\/foto\/produkty\/big\/p2069_ecozel_d.jpg\" \/><\/span><\/h3>\n<p style=\"text-align: center;\"><a href=\"https:\/\/sklep.lirene.com\/pl\/product\/eco-zel-myjacy-do-twarzy-organiczna-biala-herbata-2069.html\">https:\/\/sklep.lirene.com\/pl\/product\/eco-zel-myjacy-do-twarzy-organiczna-biala-herbata-2069.html<\/a><\/p>\n<h5><strong>\u017bel ma niesamowicie przyjemny zapach, uwielbiam nim oczyszcza\u0107 moj\u0105 twarz. Konsystencja nie nale\u017cy do najbardziej g\u0119stych, ale kosmetyk \u0142adnie pieni si\u0119. Sk\u00f3ra jest \u015bwietnie oczyszczona, tak\u017ce u\u017cywam do demakija\u017cu oczu bo nie podra\u017cnia. Nie wysusza sk\u00f3ry!<\/strong><\/h5>\n<h3><\/h3>\n<h3 style=\"text-align: center;\"><span class=\"bluebig\">BE GLAM baza roz\u015bwietlaj\u0105ca pod makija\u017c<\/span><\/h3>\n<p><img class=\"photo aligncenter\" src=\"https:\/\/static2.mintishop.pl\/pol_pm_Lirene-Be-glam-Baza-rozswietlajaca-pod-makijaz-30ml-31102_1.jpg\" alt=\"Lirene Be glam Baza roz\u015bwietlaj\u0105ca pod makija\u017c 30ml\" data-zoom-image=\"https:\/\/static3.mintishop.pl\/pol_pl_Lirene-Be-glam-Baza-rozswietlajaca-pod-makijaz-30ml-31102_1.jpg\" \/><\/p>\n<p style=\"text-align: center;\"><a href=\"https:\/\/sklep.lirene.com\/pl\/product\/be-glam-baza-rozswietlajaca-pod-makijaz-1566.html\">https:\/\/sklep.lirene.com\/pl\/product\/be-glam-baza-rozswietlajaca-pod-makijaz-1566.html<\/a><\/p>\n<p>Baza BE GLAM nie przypomina mi typowych baz, z kt\u00f3rymi si\u0119 nie lubi\u0119, czyli nie jest to baza silikonowa, daj\u0105ca efekt cienkiej gumy na twarzy, na kt\u00f3rej co gorsza roluj\u0105 si\u0119 potem podk\u0142ady. Nie, baza Lirene jest delikatnym mlecznym \u017celem, kt\u00f3ry delikatnie rozprowadza si\u0119 na sk\u00f3rze i pi\u0119knie z ni\u0105 stapia. Nie pozostawia takiego sztucznego efektu silikonowej, mocno wyg\u0142adzonej sk\u00f3ry, niemniej czu\u0107 pod palcami, \u017ce sk\u00f3ra jest g\u0142adsza. Cera wygl\u0105da m\u0142odziej, faktycznie delikatnie mieni si\u0119 blaskiem bardzo subtelnym.<\/p>\n","protected":false},"excerpt":{"rendered":"<p>P\u00f3\u017an\u0105 jesieni\u0105 marka Lirene zacz\u0119\u0142a rozpieszcza\u0107 nas cudownymi nowo\u015bciami kosmetycznymi. Szczeg\u00f3lnie mnie zachwyci\u0142a seria naturalna, musz\u0119 przyzna\u0107, \u017ce pi\u0119kny design opakowa\u0144 mnie po prostu zauroczy\u0142a od pierwszego wra\u017cenia. Uwielbiam kosmetyki ze sk\u0142adami ro\u015blinnymi, zio\u0142owymi, wi\u0119c nie omieszka\u0142am zatem si\u0119gn\u0105\u0107 po nowo\u015bci Lirene. Poni\u017cej moje pere\u0142ki kosmetyczne jesieni. CHIA Przeciwzmarszczkowy bogaty krem od\u017cywczy https:\/\/sklep.lirene.com\/pl\/product\/chia-przeciwzmarszczkowy-bogaty-krem-odzywczy-2083.html Kremu u\u017cywa\u0142am &#8230; <span class=\"more\"><a class=\"more-link\" href=\"https:\/\/diamentyrynku.pl\/index.php\/2019\/12\/15\/lirene-nowosci-jesienne-w-mojej-kosmetyczce\/\">[Czytaj wi\u0119cej&#8230;]<\/a><\/span><\/p>\n","protected":false},"author":1,"featured_media":0,"comment_status":"closed","ping_status":"closed","sticky":false,"template":"","format":"standard","meta":[],"categories":[1],"tags":[],"_links":{"self":[{"href":"https:\/\/diamentyrynku.pl\/index.php\/wp-json\/wp\/v2\/posts\/2890"}],"collection":[{"href":"https:\/\/diamentyrynku.pl\/index.php\/wp-json\/wp\/v2\/posts"}],"about":[{"href":"https:\/\/diamentyrynku.pl\/index.php\/wp-json\/wp\/v2\/types\/post"}],"author":[{"embeddable":true,"href":"https:\/\/diamentyrynku.pl\/index.php\/wp-json\/wp\/v2\/users\/1"}],"replies":[{"embeddable":true,"href":"https:\/\/diamentyrynku.pl\/index.php\/wp-json\/wp\/v2\/comments?post=2890"}],"version-history":[{"count":1,"href":"https:\/\/diamentyrynku.pl\/index.php\/wp-json\/wp\/v2\/posts\/2890\/revisions"}],"predecessor-version":[{"id":2891,"href":"https:\/\/diamentyrynku.pl\/index.php\/wp-json\/wp\/v2\/posts\/2890\/revisions\/2891"}],"wp:attachment":[{"href":"https:\/\/diamentyrynku.pl\/index.php\/wp-json\/wp\/v2\/media?parent=2890"}],"wp:term":[{"taxonomy":"category","embeddable":true,"href":"https:\/\/diamentyrynku.pl\/index.php\/wp-json\/wp\/v2\/categories?post=2890"},{"taxonomy":"post_tag","embeddable":true,"href":"https:\/\/diamentyrynku.pl\/index.php\/wp-json\/wp\/v2\/tags?post=2890"}],"curies":[{"name":"wp","href":"https:\/\/api.w.org\/{rel}","templated":true}]}}