{"id":2901,"date":"2019-12-13T12:38:51","date_gmt":"2019-12-13T11:38:51","guid":{"rendered":"https:\/\/diamentyrynku.pl\/?p=2901"},"modified":"2019-12-13T12:38:51","modified_gmt":"2019-12-13T11:38:51","slug":"puro-nowoczesne-akcesoria-termiczne","status":"publish","type":"post","link":"https:\/\/diamentyrynku.pl\/index.php\/2019\/12\/13\/puro-nowoczesne-akcesoria-termiczne\/","title":{"rendered":"PURO &#8211; nowoczesne akcesoria termiczne"},"content":{"rendered":"<p>Mamy czas zimowy, wiec w dzisiejszym wpisie chcia\u0142abym przedstawi\u0107 ciekaw\u0105 alternatywn\u0105 form\u0119 do tradycyjnych termos\u00f3w. Mowa o butelce PURO.<\/p>\n<p style=\"text-align: center;\"><a href=\"https:\/\/puro.com.pl\/puro-icon-butelka-termiczna-ze-stali-nierdzewnej,3,312169,313129\">https:\/\/puro.com.pl\/puro-icon-butelka-termiczna-ze-stali-nierdzewnej,3,312169,313129<img class=\"full-screen-image\" src=\"https:\/\/puro.com.pl\/img\/132938\/.jpg\" \/><\/a><\/p>\n<p>Na pocz\u0105tek kilka s\u0142\u00f3w od producenta:<\/p>\n<p>Wyra\u017a sw\u00f3j styl z termiczn\u0105 butelk\u0105 PURO ICON, a charakterystyczne dla tej serii kolory i elegancki design, pozwol\u0105 dostosowa\u0107 przedmioty codziennego u\u017cytku do sytuacji oraz nastroju. Ekologiczne akcesoria zaprojektowane w trosce o zdrowie i \u015brodowisko nadaj\u0105 si\u0119 do wielokrotnego zastosowania, bez obaw o przenikanie zapachu b\u0105d\u017a smaku do przechowywanego napoju. Wysokiej jako\u015bci stal nierdzewna INOX pozwala zachowa\u0107 sta\u0142a temperatur\u0119 dla ciep\u0142ych napoj\u00f3w przez 12 godzin i 24 godziny dla zimnych. Natomiast mi\u0119kki w dotyku materia\u0142 z dopasowan\u0105 pokrywk\u0105 i antypo\u015blizgowe podstawki, gwarantuj\u0105 dobr\u0105 przyczepno\u015b\u0107 butelki zar\u00f3wno do pod\u0142o\u017ca jak i d\u0142oni. Cechy produktu: \u00b7 Wysokiej jako\u015bci stal nierdzewna INOX 18\/8 \u00b7 Podw\u00f3jne \u015bcianki i izolacja pr\u00f3\u017cniowa \u00b7 Utrzymuje temperatur\u0119 24 godziny dla zimnych i 12 godzin dla ciep\u0142ych napoj\u00f3w \u00b7 Brak kondensacji na powierzchni butelki \u00b7 Ekologiczny materia\u0142, wolny od BPA \u00b7 Mi\u0119kka pow\u0142oka z dopasowana kolorystycznie nakr\u0119tk\u0105 \u00b7 Pojemno\u015b\u0107 500 ml<\/p>\n<p>Moja opinia:<\/p>\n<p>Butelka prezentuje si\u0119 wyj\u0105tkowo estetycznie. Pow\u0142oka jest matowa, bardzo przyjemna w trzymaniu w d\u0142oni, zapobiega wy\u015blizgni\u0119ciu si\u0119. S\u0105 r\u00f3\u017cne modele do wyboru, ja zdecydowa\u0142am si\u0119 na ciekawy odcie\u0144 turkusu, jak na zdj\u0119ciu powy\u017cej. Z uwagi na sezon zimowy, u\u017cywam do gor\u0105cej herbaty, kawy, ale wykorzystam tak\u017ce latem z przyjemno\u015bci\u0105 podczas najwi\u0119kszych upa\u0142\u00f3w. Jest to bardzo ciekawy, uniwersalny produkt, bo pozwala zachowa\u0107 zimno i ciep\u0142o napoj\u00f3w. Producent obiecuje zachowanie sta\u0142ej temperatury dla ciep\u0142ych napoj\u00f3w przez 12 godzin. Musz\u0119 przyzna\u0107, \u017ce tu postawi\u0142abym bardziej na maksymalnie 6-7 godzin. Potem nap\u00f3j jest ju\u017c bardziej letni. Mimo to, podoba mi si\u0119 bardzo smuk\u0142y design butelki, jest niewielka, a mie\u015bci a\u017c 500 ml, przyk\u0142adowo termosy o tej pojemno\u015bci s\u0105 znacznie wi\u0119ksze. Butelk\u0119 mo\u017cna zatem z \u0142atwo\u015bci\u0105 wrzuci\u0107 do torebki.<\/p>\n","protected":false},"excerpt":{"rendered":"<p>Mamy czas zimowy, wiec w dzisiejszym wpisie chcia\u0142abym przedstawi\u0107 ciekaw\u0105 alternatywn\u0105 form\u0119 do tradycyjnych termos\u00f3w. Mowa o butelce PURO. https:\/\/puro.com.pl\/puro-icon-butelka-termiczna-ze-stali-nierdzewnej,3,312169,313129 Na pocz\u0105tek kilka s\u0142\u00f3w od producenta: Wyra\u017a sw\u00f3j styl z termiczn\u0105 butelk\u0105 PURO ICON, a charakterystyczne dla tej serii kolory i elegancki design, pozwol\u0105 dostosowa\u0107 przedmioty codziennego u\u017cytku do sytuacji oraz nastroju. Ekologiczne akcesoria zaprojektowane &#8230; <span class=\"more\"><a class=\"more-link\" href=\"https:\/\/diamentyrynku.pl\/index.php\/2019\/12\/13\/puro-nowoczesne-akcesoria-termiczne\/\">[Czytaj wi\u0119cej&#8230;]<\/a><\/span><\/p>\n","protected":false},"author":1,"featured_media":0,"comment_status":"closed","ping_status":"closed","sticky":false,"template":"","format":"standard","meta":[],"categories":[243],"tags":[],"_links":{"self":[{"href":"https:\/\/diamentyrynku.pl\/index.php\/wp-json\/wp\/v2\/posts\/2901"}],"collection":[{"href":"https:\/\/diamentyrynku.pl\/index.php\/wp-json\/wp\/v2\/posts"}],"about":[{"href":"https:\/\/diamentyrynku.pl\/index.php\/wp-json\/wp\/v2\/types\/post"}],"author":[{"embeddable":true,"href":"https:\/\/diamentyrynku.pl\/index.php\/wp-json\/wp\/v2\/users\/1"}],"replies":[{"embeddable":true,"href":"https:\/\/diamentyrynku.pl\/index.php\/wp-json\/wp\/v2\/comments?post=2901"}],"version-history":[{"count":1,"href":"https:\/\/diamentyrynku.pl\/index.php\/wp-json\/wp\/v2\/posts\/2901\/revisions"}],"predecessor-version":[{"id":2902,"href":"https:\/\/diamentyrynku.pl\/index.php\/wp-json\/wp\/v2\/posts\/2901\/revisions\/2902"}],"wp:attachment":[{"href":"https:\/\/diamentyrynku.pl\/index.php\/wp-json\/wp\/v2\/media?parent=2901"}],"wp:term":[{"taxonomy":"category","embeddable":true,"href":"https:\/\/diamentyrynku.pl\/index.php\/wp-json\/wp\/v2\/categories?post=2901"},{"taxonomy":"post_tag","embeddable":true,"href":"https:\/\/diamentyrynku.pl\/index.php\/wp-json\/wp\/v2\/tags?post=2901"}],"curies":[{"name":"wp","href":"https:\/\/api.w.org\/{rel}","templated":true}]}}