{"id":2903,"date":"2019-12-15T13:04:32","date_gmt":"2019-12-15T12:04:32","guid":{"rendered":"https:\/\/diamentyrynku.pl\/?p=2903"},"modified":"2019-12-15T13:04:32","modified_gmt":"2019-12-15T12:04:32","slug":"rebeca-de-lana-manufaktura-szydelkowa-czyli-piekne-czapki-szale-i-swetry","status":"publish","type":"post","link":"https:\/\/diamentyrynku.pl\/index.php\/2019\/12\/15\/rebeca-de-lana-manufaktura-szydelkowa-czyli-piekne-czapki-szale-i-swetry\/","title":{"rendered":"Rebeca de Lana &#8211; Manufaktura szyde\u0142kowa, czyli pi\u0119kne czapki, szale i swetry"},"content":{"rendered":"<p>Zima to ten okres w roku, kiedy najbardziej doceniamy ciep\u0142e swetry, czapki i szale wykonane z dobrej grzej\u0105cej nasze cia\u0142o we\u0142ny. W dzisiejszym wpisie chcia\u0142abym przedstawi\u0107\u00a0 manufaktur\u0119 niezwyk\u0142\u0105 &#8211; Rebeca de Lana.<\/p>\n<p>Na pocz\u0105tek kilka s\u0142\u00f3w od w\u0142a\u015bcicielki Manufaktury Pani Ma\u0142gosi:<\/p>\n<p>&#8220;&#8230;tworz\u0119 niepowtarzalne r\u0119kodzie\u0142a. Znajdziesz w\u015br\u00f3d nich zar\u00f3wno elementy ubioru: swetry, p\u0142aszcze, bluzki, topy, szale, czapki czy r\u0119kawiczki jak i artyku\u0142y dekoracyjne do domu takie jak dywany, pledy, poduszki, podk\u0142adki, kosze a nawet torebki. Wszystkie prezentowane prace wykonywane przeze mnie, r\u0119cznie na drutach lub szyde\u0142ku, wed\u0142ug w\u0142asnych projekt\u00f3w. Prosty design, r\u00f3\u017cnorodna kolorystyka, najlepszej jako\u015bci naturalne w\u0142\u00f3kna, z kt\u00f3rych powstaj\u0105 wszystkie projekty oraz dba\u0142o\u015b\u0107 o szczeg\u00f3\u0142y i jako\u015b\u0107 wykonania to cechy, kt\u00f3re najlepiej okre\u015blaj\u0105 moje wyroby. Niekt\u00f3re projekty wykonywane s\u0105 w pojedynczych egzemplarzach co podkre\u015bla ich unikatowy charakter. Realizuj\u0119 tak\u017ce indywidualne zam\u00f3wienia wed\u0142ug projektu klienta.<\/p>\n<p><strong><em>R\u0119kodzielniczy charakter wyrob\u00f3w podkre\u015blaj\u0105 Certyfikaty R\u0119kodzie\u0142a nadane przez Og\u00f3lnopolski Cech Rzemie\u015blnik\u00f3w Artyst\u00f3w.\u00a0<\/em><\/strong><\/p>\n<p>W ofercie Manufaktury, jak wspomniano powy\u017cej znajdziemy pi\u0119kne akcesoria zimowe.\u00a0 To one urzek\u0142y mnie przede wszystkim po\u0142\u0105czeniem modnego, stylowego wygl\u0105du, dodaj\u0105cego atrakcyjno\u015bci ka\u017cdej kobiecie z niebywa\u0142\u0105 mi\u0119kko\u015bci\u0105 i mi\u0119sisto\u015bci\u0105 wyrob\u00f3w. Poni\u017cej m\u00f3j niezb\u0119dnik zimowy tego roku &#8211; cudowne akcesoria Rebeca de Lana.<\/p>\n<p>&nbsp;<\/p>\n<h3 class=\"product_title entry-title\" style=\"text-align: center;\">Czapka handmade ROSARIO<\/h3>\n<p><img class=\"pswp__img aligncenter\" src=\"https:\/\/rebecadelana.pl\/wp-content\/uploads\/2019\/09\/DSCN2365.png\" \/><\/p>\n<p style=\"text-align: center;\"><a href=\"https:\/\/rebecadelana.pl\/sklep\/ubrania\/czapki\/ona-czapki\/czapka-handmade-rosario\/\">https:\/\/rebecadelana.pl\/sklep\/ubrania\/czapki\/ona-czapki\/czapka-handmade-rosario\/<\/a><\/p>\n<p class=\"def\">Czapka wykonana r\u0119cznie na drutach metod\u0105 bezszwow\u0105 z niezwykle delikatnej i mi\u0119kkiej alpaki. Ciep\u0142a, mi\u0119kka i niegryz\u0105ca. Ozdobne sploty dodaj\u0105 elegancji. Idealny dodatek do ka\u017cdej jesienno-zimowej stylizacji.<\/p>\n<p>Sk\u0142ad: 100% alpaka<\/p>\n<p class=\"def\">Kolor: ecru<\/p>\n<p class=\"def\">Rozmiar: uniwersalny<\/p>\n<p>Czapka jest prze\u015bliczna! Zachwyci\u0142a mnie przede wszystkim pi\u0119knymi splotami warkoczowymi. Uwielbiam wyroby dziewiarskie z motywem warkocza, tutaj czapka ma bardzo niebanalny, ale jak\u017ce uroczy design. Wz\u00f3r ten szczeg\u00f3lnie pi\u0119knie uk\u0142ada si\u0119 na g\u0142owie, ta czapka to model bardzo kobiecy. Je\u015bli jeszcze doda\u0107 jej urokliwy odcie\u0144 ecru to otrzymujemy czapk\u0119 bardzo eleganck\u0105. Szczeg\u00f3lnie pi\u0119knie b\u0119dzie wygl\u0105da\u0107 dla kobiet o ciemniejszych w\u0142osach. Moim zdaniem ta czapka ma dzia\u0142anie odm\u0142adzaj\u0105ce, tworzy pi\u0119kn\u0105 stylizacj\u0119. Opr\u00f3cz tyc walor\u00f3w estetycznych jest tak\u017ce niezwykle praktyczna. Cieplutka, g\u0119sto tkana, wi\u0119c nie ma obawy o przewiania g\u0142owy, a tym bardziej uszu, gdzie czapka jest podw\u00f3jnie zawini\u0119ta. Bardzo \u0142adnie si\u0119 zachowuje po praniu wg wskaz\u00f3wek producenta- to solidnie wykonana czapka. Polecam!<\/p>\n<p>&nbsp;<\/p>\n<h3 style=\"text-align: center;\">Szal we\u0142niany BARCELONA<\/h3>\n<p><img class=\"pswp__img aligncenter\" src=\"https:\/\/rebecadelana.pl\/wp-content\/uploads\/2019\/06\/IMG_20181114_084707-2.jpg\" \/><\/p>\n<p style=\"text-align: center;\"><a href=\"https:\/\/rebecadelana.pl\/sklep\/ubrania\/szale\/szal-z-pomponami-barcelona\/\">https:\/\/rebecadelana.pl\/sklep\/ubrania\/szale\/szal-z-pomponami-barcelona\/<\/a><\/p>\n<p class=\"def\">We\u0142niany szal z pomponami, wykonany r\u0119cznie z mieszanki we\u0142ny z akrylem, d\u0142ugi, ciep\u0142y i niegryz\u0105cy. Idealny dodatek do zimowej stylizacji.<\/p>\n<p>Pompony: eco lisek<\/p>\n<p class=\"def\">Typ: damski<\/p>\n<p class=\"def\">Kolor: szary melan\u017c<\/p>\n<p class=\"def\">Rozmiar: uniwersalny<\/p>\n<p class=\"def\">W tym szalu jestem absolutnie zakochana! Jest naprawd\u0119 ogromny i mo\u017cna nim szczelnie otoczy\u0107 szyj\u0119 bardzo wysoko, niczym st\u00f3jk\u0105. To dlatego, \u017ce szal jest grubo pleciony, mi\u0119sisty, zachowuj\u0119 si\u0119 tu lepiej jak komin, je\u015bli chodzi nawet o opatulenie twarzy. To zdecydowanie szal zimowy, na mocne zawieruchy, ochroni nawet sk\u00f3r\u0119 twarzy przed przemarzni\u0119ciem. Bardzo sprytnie rozwi\u0105zano pompony, bo mozna je odpi\u0105\u0107 wg w\u0142asnego upodobania. Cho\u0107 ja uwa\u017cam, \u017ce w nic tkwi du\u017co uroku tego szala. Szal jest te\u017c maga milutki, co stwierdzam ja osoba, kt\u00f3r\u0105 wi\u0119kszo\u015b\u0107 golf\u00f3w, szali gdzie\u015b podra\u017cnia, uwiera. Odcie\u0144 szarego melan\u017cu pasuje do ka\u017cdej kurtki, czy p\u0142aszczyka, \u015bwietnie prezentuje si\u0119 ze wspomnian\u0105 wcze\u015bniej czapk\u0105 ROSARIO. Uwa\u017cam, \u017ce taki szal to zimowy niezb\u0119dnik, przemi\u0142y otulacz dla ka\u017cdej kobiety!<\/p>\n<p>&nbsp;<\/p>\n<h3 class=\"product_title entry-title\" style=\"text-align: center;\">R\u0119kawiczki we\u0142niane AVILA<\/h3>\n<p><img class=\"pswp__img aligncenter\" src=\"https:\/\/rebecadelana.pl\/wp-content\/uploads\/2019\/06\/IMG_20181114_084359-2.jpg\" \/><\/p>\n<p style=\"text-align: center;\"><a href=\"https:\/\/rebecadelana.pl\/sklep\/ubrania\/rekawiczki\/rekawiczki-welniane-avila\/\">https:\/\/rebecadelana.pl\/sklep\/ubrania\/rekawiczki\/rekawiczki-welniane-avila\/<\/a><\/p>\n<p class=\"def\">R\u0119kawiczki we\u0142niane z jednym palcem, wykonane na drutach z mieszanki we\u0142ny z akrylem. Ciep\u0142e i mi\u0119kkie, niegryz\u0105ce.<\/p>\n<p class=\"def\">Typ: damskie<\/p>\n<p class=\"def\">Rozmiar: M<\/p>\n<p class=\"def\">Czy\u017c patrz\u0105c na te r\u0119kawiczki ju\u017c nie wzbudzaj\u0105 zachwytu, dzi\u0119ki urokliwemu wzorowi jode\u0142ki na grzbiecie? Moim zdaniem s\u0105 przepi\u0119kne, kobiece i oczywi\u015bcie bardzo stylowe. Odcie\u0144 to be\u017c i stanowi dla mnie idealny \u0142\u0105cznik pomi\u0119dzy szaro\u015bci\u0105 szala i kremowo\u015bci\u0105 czapki. Bardzo cieplutkie, mi\u0142e w noszeniu. R\u0119kawiczki nosz\u0119 zawsze, wi\u0119c potrzebuj\u0119 produktu nie tylko \u0142adnego ale i trwa\u0142ego. R\u0119kawice pra\u0142am kilka razy wg wskaz\u00f3wek producenta, suszy\u0142am na p\u0142asko. Zawsze po praniu wracaj\u0105 do swojego pierwotnego kszta\u0142tu, nie rozci\u0105gaj\u0105 si\u0119 ale co wa\u017cne nie mechac\u0105.\u00a0 To doskona\u0142y pomys\u0142 na prezent dla ka\u017cdej kobiety. Polecam!<\/p>\n<h3 class=\"product_title entry-title\" style=\"text-align: center;\">Sweter damski handmade RONDA<\/h3>\n<p><img class=\"pswp__img aligncenter\" src=\"https:\/\/rebecadelana.pl\/wp-content\/uploads\/2019\/06\/DSCN0377_2-2.jpg\" \/><\/p>\n<p style=\"text-align: center;\"><a href=\"https:\/\/rebecadelana.pl\/sklep\/ubrania\/swetry-handmade\/ona\/sweter-damski-handmade-ronda\/\">https:\/\/rebecadelana.pl\/sklep\/ubrania\/swetry-handmade\/ona\/sweter-damski-handmade-ronda\/<\/a><\/p>\n<p class=\"def\">Sweter damski handmade, klasyczny, wykonany na drutach z mieszanki we\u0142ny i alpaki z ozdobnym splotem z przodu. Mi\u0119kki i ciep\u0142y, niegryz\u0105cy.<\/p>\n<p class=\"def\">Sk\u0142ad: we\u0142na 65%, alpaka 35%<\/p>\n<p class=\"def\">Rozmiar: M<\/p>\n<p>Sweterkom Rebeca de Lana w wersji zimowej mo\u017cna zaufa\u0107, kiedy nadejdzie prawdziwa zima. S\u0105 to bowiem swetry bardzo ciep\u0142e, mocno mi\u0119siste, materia\u0142 jest gruby, dobrze solidnie tkany aby we\u0142na spe\u0142nia\u0142a swoj\u0105 funkcj\u0119 grzewcz\u0105. Ubieraj\u0105c ten sweterek wiem, \u017ce zapewni\u0119 sobie komfort, ciep\u0142o, na pewno nie b\u0119d\u0119 trz\u0105\u015b\u0107 si\u0119 z zimna id\u0105c na d\u0142ugi spacer. Sweterek jest \u015bliczny, te warkocze tworz\u0105 niepowtarzalny urok swetr\u00f3w Rebeca de Lana.\u00a0 Jest kobiecy, klasyczny, elegancki, ale jednocze\u015bnie wygodny, idealny na co dzie\u0144.\u00a0 Bardzo wytrzyma\u0142y, nie mechaci si\u0119, a we\u0142na nie gryzie. M\u00f3j ukochany obecnie sweterek zimowy:-)<\/p>\n<h3 style=\"text-align: center;\"><strong>POLECAM!<\/strong><\/h3>\n<p>&nbsp;<\/p>\n","protected":false},"excerpt":{"rendered":"<p>Zima to ten okres w roku, kiedy najbardziej doceniamy ciep\u0142e swetry, czapki i szale wykonane z dobrej grzej\u0105cej nasze cia\u0142o we\u0142ny. W dzisiejszym wpisie chcia\u0142abym przedstawi\u0107\u00a0 manufaktur\u0119 niezwyk\u0142\u0105 &#8211; Rebeca de Lana. Na pocz\u0105tek kilka s\u0142\u00f3w od w\u0142a\u015bcicielki Manufaktury Pani Ma\u0142gosi: &#8220;&#8230;tworz\u0119 niepowtarzalne r\u0119kodzie\u0142a. Znajdziesz w\u015br\u00f3d nich zar\u00f3wno elementy ubioru: swetry, p\u0142aszcze, bluzki, topy, szale, &#8230; <span class=\"more\"><a class=\"more-link\" href=\"https:\/\/diamentyrynku.pl\/index.php\/2019\/12\/15\/rebeca-de-lana-manufaktura-szydelkowa-czyli-piekne-czapki-szale-i-swetry\/\">[Czytaj wi\u0119cej&#8230;]<\/a><\/span><\/p>\n","protected":false},"author":1,"featured_media":2904,"comment_status":"closed","ping_status":"closed","sticky":false,"template":"","format":"standard","meta":[],"categories":[1],"tags":[],"_links":{"self":[{"href":"https:\/\/diamentyrynku.pl\/index.php\/wp-json\/wp\/v2\/posts\/2903"}],"collection":[{"href":"https:\/\/diamentyrynku.pl\/index.php\/wp-json\/wp\/v2\/posts"}],"about":[{"href":"https:\/\/diamentyrynku.pl\/index.php\/wp-json\/wp\/v2\/types\/post"}],"author":[{"embeddable":true,"href":"https:\/\/diamentyrynku.pl\/index.php\/wp-json\/wp\/v2\/users\/1"}],"replies":[{"embeddable":true,"href":"https:\/\/diamentyrynku.pl\/index.php\/wp-json\/wp\/v2\/comments?post=2903"}],"version-history":[{"count":2,"href":"https:\/\/diamentyrynku.pl\/index.php\/wp-json\/wp\/v2\/posts\/2903\/revisions"}],"predecessor-version":[{"id":2906,"href":"https:\/\/diamentyrynku.pl\/index.php\/wp-json\/wp\/v2\/posts\/2903\/revisions\/2906"}],"wp:featuredmedia":[{"embeddable":true,"href":"https:\/\/diamentyrynku.pl\/index.php\/wp-json\/wp\/v2\/media\/2904"}],"wp:attachment":[{"href":"https:\/\/diamentyrynku.pl\/index.php\/wp-json\/wp\/v2\/media?parent=2903"}],"wp:term":[{"taxonomy":"category","embeddable":true,"href":"https:\/\/diamentyrynku.pl\/index.php\/wp-json\/wp\/v2\/categories?post=2903"},{"taxonomy":"post_tag","embeddable":true,"href":"https:\/\/diamentyrynku.pl\/index.php\/wp-json\/wp\/v2\/tags?post=2903"}],"curies":[{"name":"wp","href":"https:\/\/api.w.org\/{rel}","templated":true}]}}