{"id":3393,"date":"2020-06-30T15:26:16","date_gmt":"2020-06-30T13:26:16","guid":{"rendered":"https:\/\/diamentyrynku.pl\/?p=3393"},"modified":"2020-06-30T15:26:16","modified_gmt":"2020-06-30T13:26:16","slug":"moker-dobry-sen-zaczyna-sie-od-pieknej-poscieli","status":"publish","type":"post","link":"https:\/\/diamentyrynku.pl\/index.php\/2020\/06\/30\/moker-dobry-sen-zaczyna-sie-od-pieknej-poscieli\/","title":{"rendered":"Moker &#8211; dobry sen zaczyna si\u0119 od pi\u0119knej po\u015bcieli"},"content":{"rendered":"<p>M\u00f3wi\u0105, jak sobie po\u015bcielisz tak si\u0119 wy\u015bpisz i w dos\u0142ownym znaczeniu mo\u017cna to przenie\u015b\u0107 na jako\u015b\u0107 naszego snu.\u00a0Wyb\u00f3r kompletu po\u015bcieli to istotna sprawa. W \u0142\u00f3\u017cku sp\u0119dzamy wszak jedn\u0105 trzeci\u0105 naszej doby! Wa\u017cne, \u017ceby\u015bmy w nocy czuli si\u0119 komfortowo, a w dzie\u0144 byli zadowoleni z tego, jak wygl\u0105da nasza sypialnia. Wyb\u00f3r jest ogromny i mo\u017cemy czu\u0107 si\u0119 przyt\u0142oczeni nowo\u015bciami.<\/p>\n<div id=\"SrodekKolumna\" style=\"text-align: center;\">\n<section class=\"StrTresc\">W dzisiejszym wpisie chcia\u0142abym przedstawi\u0107 pi\u0119kn\u0105 po\u015bciel polskiego producenta Moker.<\/section>\n<section class=\"StrTresc\">\n<a href=\"https:\/\/www.moker.eu\/\">https:\/\/www.moker.eu\/<\/a><\/p>\n<\/section>\n<section>Na pocz\u0105tek kilka s\u0142\u00f3w producenta o sobie:<\/section>\n<section><\/section>\n<section class=\"StrTresc\"><em>&#8220;Istniejemy od 1993 r. i od samego pocz\u0105tku zajmowali\u015bmy si\u0119 bran\u017c\u0105 po\u015bcielow\u0105. Zaczynali\u015bmy od cha\u0142upniczego szycia po\u015bcieli. Zbieraj\u0105c do\u015bwiadczenia i rozpoznaj\u0105c zapotrzebowanie klient\u00f3w, poszerzyli\u015bmy asortyment i udoskonalili\u015bmy technologie. Obecnie mamy sw\u00f3j obiekt w Cza\u0144cu, gdzie mie\u015bci si\u0119 szwalnia, wydzia\u0142 obr\u00f3bki w\u0142\u00f3kna oraz hurtownia naszych wyrob\u00f3w.<\/em><\/p>\n<p><em><strong>Nasz\u0105 dewiz\u0105 jest wyr\u00f3b najwy\u017cszej jako\u015bci artyku\u0142\u00f3w po\u015bcielowych.<\/strong><\/em><\/p>\n<p><em><span style=\"color: #8bc26b;\">&#8220;Ka\u017cdy z nas jest inny, dlatego szyjemy pod indywidualne zam\u00f3wienia&#8221;\u00a0<\/span><\/em><\/p>\n<p><em>Firma &#8220;MOKER&#8221; oferuje szerok\u0105 gam\u0119 ko\u0142der o wype\u0142nieniu naturalnym lub syntetycznym czyli antyalergicznym w poszyciu z tkanin najwy\u017cszej jako\u015bci. Takie ko\u0142dry o cechach antyalergicznych w dobie nowoczesno\u015bci gdy do chor\u00f3b cywilizacyjnych do\u0142\u0105czaj\u0105 alergie, kt\u00f3re dotycz\u0105 dzieci i doros\u0142ych, s\u0105 coraz popularniejsze, a przede wszystkim u\u0142atwiaj\u0105 normalne funkcjonowanie.<\/em><\/p>\n<p><em>Oferujemy r\u00f3wnie\u017c po\u015bciele z r\u00f3\u017cnego rodzaju tkanin, dopasowane do ka\u017cdej sypialni. Staraj\u0105c si\u0119 jak najlepiej dopasowa\u0107 do potrzeb klient\u00f3w, zawsze jednak pami\u0119tamy aby nasze produkty by\u0142y najwy\u017cszej jako\u015bci. Wychodz\u0105c naprzeciw coraz to wy\u017cszym wymaganiom naszych klient\u00f3w, ci\u0105gle poszerzamy nasz\u0105 ofert\u0119 handlow\u0105. Jest to mo\u017cliwe dzi\u0119ki ci\u0105g\u0142emu rozwojowi, kt\u00f3ry prowadzimy zar\u00f3wno na p\u0142aszczy\u017anie bada\u0144 zapotrzebowa\u0144 klient\u00f3w, jak r\u00f3wnie\u017c technologii produkcji&#8221;<\/em><\/section>\n<\/div>\n<section><img class=\"aligncenter\" src=\"https:\/\/www.moker.eu\/images\/Dla_Elizy\/mini\/500px_Satyna%20Eliza%20220.jpg\" alt=\"po\u015bciel satynowa polska koral popiel geometria\" \/><\/section>\n<section><\/section>\n<section><a href=\"https:\/\/www.moker.eu\/posciel-bawelna-satynowa-220-eliza-koral-bez-popiel-geometria-85-p-970.html\">https:\/\/www.moker.eu\/posciel-bawelna-satynowa-220-eliza-koral-bez-popiel-geometria-85-p-970.html<\/a><\/section>\n<section><\/section>\n<section><img class=\"aligncenter\" src=\"https:\/\/www.moker.eu\/images\/Eliza\/mini\/500px_Dla%20Elizy%2097.jpg\" alt=\"Po\u015bciel bawe\u0142na satynowa  grafit i haft 97\" \/><\/section>\n<section><\/section>\n<section><a href=\"https:\/\/www.moker.eu\/posciel-bawelna-satynowa-dla-elizy-grafit-i-haft-97-p-1209.html\">https:\/\/www.moker.eu\/posciel-bawelna-satynowa-dla-elizy-grafit-i-haft-97-p-1209.html<\/a><\/section>\n<section><\/section>\n<section><img class=\"aligncenter\" src=\"https:\/\/www.moker.eu\/images\/Eliza\/mini\/500px_Dla%20Eliza%2096.jpg\" alt=\"Po\u015bciel bawe\u0142na satynowa  kwiat bordo 96\" \/><\/section>\n<section><\/section>\n<section><img class=\"aligncenter\" src=\"https:\/\/www.moker.eu\/images\/mini\/500px_160m.jpg\" alt=\"Po\u015bciel bawe\u0142na satynowa 160 - dwustronna Skandynawska biel i granat\" \/><\/section>\n<section><a href=\"https:\/\/www.moker.eu\/posciel-bawelna-satynowa-160-dwustronna-skandynawska-biel-i-granat-780-p-1365.html\">https:\/\/www.moker.eu\/posciel-bawelna-satynowa-160-dwustronna-skandynawska-biel-i-granat-780-p-1365.html<\/a><\/section>\n<section><img class=\"aligncenter\" src=\"https:\/\/www.moker.eu\/images\/mini\/500px_wz%C3%B3r%20(121).jpg\" alt=\"po\u015bciel z kory 220 \" \/><\/section>\n<section><a href=\"https:\/\/www.moker.eu\/posciel-z-kory-lilia-220-wytrzymala-turkusowe-kwiaty-na-popielu-wzor-121-p-877.html\">https:\/\/www.moker.eu\/posciel-z-kory-lilia-220-wytrzymala-turkusowe-kwiaty-na-popielu-wzor-121-p-877.html<\/a><\/section>\n<section><img class=\"aligncenter\" src=\"https:\/\/www.moker.eu\/images\/FLANELA\/mini\/500px_kwadrat%20flanela.jpg\" alt=\"Opakowanie\" \/><\/section>\n<section><a href=\"https:\/\/www.moker.eu\/przescieradlo-flanelowe-160-przyjemne-w-dotyku-p-67.html\">https:\/\/www.moker.eu\/przescieradlo-flanelowe-160-przyjemne-w-dotyku-p-67.html<\/a><\/section>\n<section><\/section>\n<section><img class=\"aligncenter\" src=\"https:\/\/www.moker.eu\/images\/FLANELA_wzory\/mini\/500px_flanela%20%20(912)%20C.jpg\" alt=\"Po\u015bciel polska flanela Moker popiel i morski\" \/><\/section>\n<section><\/section>\n<section><a href=\"https:\/\/www.moker.eu\/posciel-flanelowa-ciepla-i-przyjemna-w-dotyku-912c-morski-i-popiel-p-849.html\">https:\/\/www.moker.eu\/posciel-flanelowa-ciepla-i-przyjemna-w-dotyku-912c-morski-i-popiel-p-849.html<\/a><\/section>\n<section><\/section>\n<section><img class=\"aligncenter\" src=\"https:\/\/www.moker.eu\/images\/FLANELA\/mini\/500px_flanela%20%20kwiaty%20na%20ekry.jpg\" alt=\"po\u015bciel flanelowa ciep\u0142a kwiaty na bia\u0142ym tle\" \/><\/section>\n<section><\/section>\n<section><a href=\"https:\/\/www.moker.eu\/posciel-flanelowa-ciepla-i-polska-kwiaty-na-bialym-p-1248.html\">https:\/\/www.moker.eu\/posciel-flanelowa-ciepla-i-polska-kwiaty-na-bialym-p-1248.html<\/a><\/section>\n<section><\/section>\n<section><strong><em>Moja opinia:<\/em><\/strong><\/section>\n<section><\/section>\n<section>Z oferty Moker posiadam po\u015bciel z flaneli, od lat uwielbiam flanelowe po\u015bciele, poszewki itp.<\/section>\n<section>Flanela marki Moker jest bardzo dobrej jako\u015bci, bo jest grubsza mi\u0119kka, ale co wa\u017cne nawet po wielokrotnym praniu nie mechaci si\u0119 nie kulkuje. Ta po\u015bciel jest ciep\u0142a, a jednocze\u015bnie przewiewna, mi\u0142a w dotyku i przytulna. Kolory po\u015bcieli s\u0105 bardzo \u017cywe, takie jak na zdj\u0119ciach pogl\u0105dowych sklepu i z biegiem czasu tak\u017ce nie blakn\u0105. Solidnie wykonana, pos\u0142u\u017cy mi na d\u0142ugie lata! A sam design jest prze\u015bliczny, dlatego ta po\u015bciel jest ozdob\u0105 mojej sypialni. W ofercie Moker szczeg\u00f3lnie podoba mi si\u0119 po\u015bciel z urokliwym motywem kwiat\u00f3w.<\/section>\n<section><\/section>\n<section><strong><em>Polecam!<\/em><\/strong><\/section>\n","protected":false},"excerpt":{"rendered":"<p>M\u00f3wi\u0105, jak sobie po\u015bcielisz tak si\u0119 wy\u015bpisz i w dos\u0142ownym znaczeniu mo\u017cna to przenie\u015b\u0107 na jako\u015b\u0107 naszego snu.\u00a0Wyb\u00f3r kompletu po\u015bcieli to istotna sprawa. W \u0142\u00f3\u017cku sp\u0119dzamy wszak jedn\u0105 trzeci\u0105 naszej doby! Wa\u017cne, \u017ceby\u015bmy w nocy czuli si\u0119 komfortowo, a w dzie\u0144 byli zadowoleni z tego, jak wygl\u0105da nasza sypialnia. Wyb\u00f3r jest ogromny i mo\u017cemy czu\u0107 &#8230; <span class=\"more\"><a class=\"more-link\" href=\"https:\/\/diamentyrynku.pl\/index.php\/2020\/06\/30\/moker-dobry-sen-zaczyna-sie-od-pieknej-poscieli\/\">[Czytaj wi\u0119cej&#8230;]<\/a><\/span><\/p>\n","protected":false},"author":1,"featured_media":3394,"comment_status":"closed","ping_status":"closed","sticky":false,"template":"","format":"standard","meta":[],"categories":[201],"tags":[],"_links":{"self":[{"href":"https:\/\/diamentyrynku.pl\/index.php\/wp-json\/wp\/v2\/posts\/3393"}],"collection":[{"href":"https:\/\/diamentyrynku.pl\/index.php\/wp-json\/wp\/v2\/posts"}],"about":[{"href":"https:\/\/diamentyrynku.pl\/index.php\/wp-json\/wp\/v2\/types\/post"}],"author":[{"embeddable":true,"href":"https:\/\/diamentyrynku.pl\/index.php\/wp-json\/wp\/v2\/users\/1"}],"replies":[{"embeddable":true,"href":"https:\/\/diamentyrynku.pl\/index.php\/wp-json\/wp\/v2\/comments?post=3393"}],"version-history":[{"count":1,"href":"https:\/\/diamentyrynku.pl\/index.php\/wp-json\/wp\/v2\/posts\/3393\/revisions"}],"predecessor-version":[{"id":3395,"href":"https:\/\/diamentyrynku.pl\/index.php\/wp-json\/wp\/v2\/posts\/3393\/revisions\/3395"}],"wp:featuredmedia":[{"embeddable":true,"href":"https:\/\/diamentyrynku.pl\/index.php\/wp-json\/wp\/v2\/media\/3394"}],"wp:attachment":[{"href":"https:\/\/diamentyrynku.pl\/index.php\/wp-json\/wp\/v2\/media?parent=3393"}],"wp:term":[{"taxonomy":"category","embeddable":true,"href":"https:\/\/diamentyrynku.pl\/index.php\/wp-json\/wp\/v2\/categories?post=3393"},{"taxonomy":"post_tag","embeddable":true,"href":"https:\/\/diamentyrynku.pl\/index.php\/wp-json\/wp\/v2\/tags?post=3393"}],"curies":[{"name":"wp","href":"https:\/\/api.w.org\/{rel}","templated":true}]}}