{"id":3441,"date":"2020-07-11T16:00:43","date_gmt":"2020-07-11T14:00:43","guid":{"rendered":"https:\/\/diamentyrynku.pl\/?p=3441"},"modified":"2020-07-11T16:00:43","modified_gmt":"2020-07-11T14:00:43","slug":"la-mania-home-milosc-do-domu","status":"publish","type":"post","link":"https:\/\/diamentyrynku.pl\/index.php\/2020\/07\/11\/la-mania-home-milosc-do-domu\/","title":{"rendered":"La Mania Home &#8211; Mi\u0142o\u015b\u0107 do domu"},"content":{"rendered":"<p>Dom to takie miejsce, gdzie ka\u017cdy z nas chce si\u0119 poczu\u0107 przytulnie. Wreszcie po tym ci\u0119\u017ckim, pe\u0142nym zgie\u0142ku i zabiegania dniu pragniemy powr\u00f3ci\u0107 do miejsca, gdzie mo\u017cemy uspokoi\u0107 emocje. Jaki\u015b czas temu moja uwag\u0119 skupi\u0142a marka La Mania. Marka ta ho\u0142duje dodatkom do domu, kt\u00f3re przynosz\u0105 czu\u0142o\u015b\u0107, trosk\u0119, rado\u015b\u0107 i mi\u0142o\u015b\u0107. \u0141\u0105cz\u0105 klasyczny wymiar z nowoczesnym, prostot\u0119 z odwag\u0105. Wed\u0142ug za\u0142o\u017ce\u0144 producenta dom powinien wibrowa\u0107 pozytywn\u0105 energi\u0105 i przynosi\u0107 pozytywne relacj\u0119 z najbli\u017cszymi. Ca\u0142kowicie si\u0119 z tym zgadzam zw\u0142aszcza w obecnych czasach, gdzie nasze domy sta\u0142y si\u0119 niejako nasz\u0105 bezpieczn\u0105 oaz\u0105.<\/p>\n<p>Na pocz\u0105tek producent o sobie:<\/p>\n<p style=\"text-align: center;\"><a href=\"https:\/\/lamaniahome.com\/o-nas\">https:\/\/lamaniahome.com\/o-nas<\/a><\/p>\n<p>&#8220;Mi\u0142o\u015b\u0107 do mody jest fundamentem La Manii; mi\u0142o\u015b\u0107 do domu \u2013 La Manii Home. Obie te marki stworzy\u0142a Joanna Przetakiewicz wraz z synem Aleksandrem. Jej uwielbienie do tworzenia wyj\u0105tkowej atmosfery w ich domu i przywi\u0105zanie do detalu by\u0142y inspiracj\u0105 do powo\u0142ania do \u017cycia Concept Store LA MANIA HOME.<\/p>\n<p>W Concept Store LA MANIA HOME wierzymy, \u017ce wn\u0119trza, tak jak moda, wyra\u017caj\u0105 charakter cz\u0142owieka i inspiruj\u0105 do dzia\u0142ania. Dlatego oferujemy produkty, o kt\u00f3rych \u015bmia\u0142o mo\u017cemy powiedzie\u0107, \u017ce s\u0105 nie tylko najwy\u017cszej jako\u015bci, ale r\u00f3wnie\u017c \u0142\u0105cz\u0105 ponadczasow\u0105 klasyk\u0119 z awangard\u0105&#8221;.<\/p>\n<p>&nbsp;<\/p>\n<p>Mi\u0119siste, ciep\u0142e koce La Mania Home zrobione z najwy\u017cszej jako\u015bci materia\u0142\u00f3w o ciekawej strukturze i w neutralnych kolorach. Wygl\u0105daj\u0105 pi\u0119knie zar\u00f3wno jako pled, jak i narzucone niedbale na ramiona w trakcie garden party.<\/p>\n<p><strong><em>Wszystkie zdj\u0119cia pochodz\u0105 ze strony producenta.<\/em><\/strong><\/p>\n<p style=\"text-align: center;\"><strong>Koc Lari St. Tropez<\/strong><\/p>\n<p>Koc Lari St. Tropez to przytulne nakrycie otulaj\u0105ce Ci\u0119 przyjemno\u015bci\u0105. Nasz kultowy model Lari wyst\u0119puje tym razem w kolorowej ods\u0142onie: czarno-bia\u0142y wz\u00f3r ozdobiony jest \u017c\u00f3\u0142tym pasem oraz logiem La Mania. Wyj\u0105tkowo mi\u0142y w dotyku, ciep\u0142y i \u0142atwy w czyszczeniu. Koc ca\u0142oroczny &#8211; idealnie sprawdzi si\u0119 jako okrycie w ch\u0142odne letnie wieczory na tarasie czy w ogrodzie lub jako mi\u0119kka narzuta na meble ogrodowe.<\/p>\n<p><img class=\"aligncenter\" src=\"https:\/\/lamaniahome.com\/media\/catalog\/product\/cache\/9a561039dac930338758721ee32d8619\/9\/2\/920x1200_px_koc_st_tropez_-glowne.jpg\" alt=\"Koc Lari St. Tropez\" \/><\/p>\n<p><img class=\"aligncenter\" src=\"https:\/\/lamaniahome.com\/media\/catalog\/product\/9\/2\/920x1200_px_koc_st_tropez.jpg\" \/><\/p>\n<p style=\"text-align: center;\"><a href=\"https:\/\/lamaniahome.com\/koc-lari-st-tropez\">https:\/\/lamaniahome.com\/koc-lari-st-tropez<\/a><\/p>\n<h4 class=\"page-title\" style=\"text-align: center;\"><span class=\"base\" data-ui-id=\"page-title-wrapper\">Koc Lari Zigzag<\/span><\/h4>\n<p>Koc Lari Zigzag to przytulne nakrycie otulaj\u0105ce Ci\u0119 przyjemno\u015bci\u0105. Wz\u00f3r w czarno-bia\u0142y zygzak z logiem La Mania to esencja naszej marki przeniesiona na wyj\u0105tkowo mi\u0119kki w dotyku materia\u0142. Przyjemny i ciep\u0142y, doda Twojemu wn\u0119trzu harmonii. Koc ca\u0142oroczny &#8211; idealnie sprawdza si\u0119 w czasie d\u0142ugich, zimowych wieczor\u00f3w, ale r\u00f3wnie\u017c latem, w trakcie garden party na tarasie czy w ogrodzie.<\/p>\n<p><img src=\"https:\/\/lamaniahome.com\/media\/catalog\/product\/cache\/96030ad136aef4372f47075c5ea7f9d3\/9\/2\/920x1200_px_koc_lari-zigzag.jpg\" \/><\/p>\n<p style=\"text-align: center;\"><a href=\"https:\/\/lamaniahome.com\/koc-lari-zigzag\">https:\/\/lamaniahome.com\/koc-lari-zigzag<\/a><\/p>\n<div class=\"product-title-container\">\n<h4 class=\"page-title\" style=\"text-align: center;\"><span class=\"base\" data-ui-id=\"page-title-wrapper\">Koc Lari Chessboard<\/span><\/h4>\n<\/div>\n<div class=\"price-box price-final_price\" data-role=\"priceBox\" data-product-id=\"1295\" data-price-box=\"product-id-1295\">Koc Lari Chessboard to przytulne nakrycie otulaj\u0105ce Ci\u0119 przyjemno\u015bci\u0105. Wz\u00f3r w czarno-bia\u0142\u0105 szachownic\u0119 z logiem La Mania to esencja naszej marki przeniesiona na wyj\u0105tkowo mi\u0119kki w dotyku materia\u0142. Przyjemny i ciep\u0142y, doda Twojemu wn\u0119trzu harmonii. Koc ca\u0142oroczny &#8211; idealnie sprawdza si\u0119 w czasie d\u0142ugich, zimowych wieczor\u00f3w, ale r\u00f3wnie\u017c latem, w trakcie garden party na tarasie czy w ogrodzie.<\/div>\n<div data-role=\"priceBox\" data-product-id=\"1295\" data-price-box=\"product-id-1295\"><img src=\"https:\/\/lamaniahome.com\/media\/catalog\/product\/cache\/96030ad136aef4372f47075c5ea7f9d3\/k\/o\/koc_lari_chessboard_prz_d.jpg\" \/><\/div>\n<div style=\"text-align: center;\" data-role=\"priceBox\" data-product-id=\"1295\" data-price-box=\"product-id-1295\"><a href=\"https:\/\/lamaniahome.com\/koc-lari-chessboard\">https:\/\/lamaniahome.com\/koc-lari-chessboard<\/a><\/div>\n<div data-role=\"priceBox\" data-product-id=\"1295\" data-price-box=\"product-id-1295\">\n<h4 class=\"page-title\" style=\"text-align: center;\"><span class=\"base\" data-ui-id=\"page-title-wrapper\">Koc Lari Grey<\/span><\/h4>\n<p><img class=\"aligncenter\" src=\"https:\/\/lamaniahome.com\/media\/catalog\/product\/cache\/96030ad136aef4372f47075c5ea7f9d3\/_\/0\/_0069_043.jpg\" \/><\/p>\n<p><img src=\"https:\/\/lamaniahome.com\/media\/catalog\/product\/cache\/96030ad136aef4372f47075c5ea7f9d3\/k\/o\/koc1.jpg\" alt=\"Koc Lari Grey\" \/><\/p>\n<\/div>\n<p style=\"text-align: center;\"><a href=\"https:\/\/lamaniahome.com\/koc-150x200-lari-grey\">https:\/\/lamaniahome.com\/koc-150&#215;200-lari-grey<\/a><\/p>\n<p>Poj\u0119cie ch\u0142odu jest nam zupe\u0142nie obce. Ju\u017c samo wyobra\u017cenie otulenia si\u0119 tym niezwykle mi\u0119kkim kocem sprawia, \u017ce czujemy ciep\u0142o. Czujesz i Ty? To jak podr\u00f3\u017c Alicji w Krain\u0119 Czar\u00f3w \u2013 w wyobra\u017ani wszystko jest mo\u017cliwe. A wyobra\u017ceniom w\u0142a\u015bnie sprzyjaj\u0105 niezwykle d\u0142ugie, jesienne wieczory i asortyment, jaki z my\u015bl\u0105 o nich powsta\u0142 w Domu La Manii.<\/p>\n<p>Wyprodukowano w Polsce.<\/p>\n<p>Koc Lari Grey, kt\u00f3ry posiadam jest niezwykle mi\u0119kki, wr\u0119cz mam wra\u017cenie w dotyku puszku o aksamitnym wyko\u0144czeniu. Ale jednocze\u015bnie ten koc jest g\u0119sto utkany, gruby, a wi\u0119c niesamowicie funkcjonalny. Zaskoczy\u0142o mnie to, ile ciep\u0142a potrafi odda\u0107, stworzony zw\u0142aszcza na sezon jesienno-zimowy.\u00a0 Design jest bardzo nowoczesny, z jednej strony to stonowana szaro\u015b\u0107, druga cz\u0119\u015b\u0107 to elegancka czer\u0144. Uwa\u017cam, \u017ce jest stworzony do bardziej nowoczesnych formu\u0142 wn\u0119trz, aczkolwiek mo\u017ce te\u017c stanowi\u0107 mi\u0142\u0105 odmian\u0119 dla klasycznego wystroju wn\u0119trza.<\/p>\n<p>\u015awietny jako\u015bciowo, nie traci swojej formy, materia solidny, gruby, jednocze\u015bnie skora oddycha, cia\u0142o nie poci si\u0119 nawet latem.<\/p>\n<p style=\"text-align: center;\"><strong>Polecam!<\/strong><\/p>\n","protected":false},"excerpt":{"rendered":"<p>Dom to takie miejsce, gdzie ka\u017cdy z nas chce si\u0119 poczu\u0107 przytulnie. Wreszcie po tym ci\u0119\u017ckim, pe\u0142nym zgie\u0142ku i zabiegania dniu pragniemy powr\u00f3ci\u0107 do miejsca, gdzie mo\u017cemy uspokoi\u0107 emocje. Jaki\u015b czas temu moja uwag\u0119 skupi\u0142a marka La Mania. Marka ta ho\u0142duje dodatkom do domu, kt\u00f3re przynosz\u0105 czu\u0142o\u015b\u0107, trosk\u0119, rado\u015b\u0107 i mi\u0142o\u015b\u0107. \u0141\u0105cz\u0105 klasyczny wymiar z &#8230; <span class=\"more\"><a class=\"more-link\" href=\"https:\/\/diamentyrynku.pl\/index.php\/2020\/07\/11\/la-mania-home-milosc-do-domu\/\">[Czytaj wi\u0119cej&#8230;]<\/a><\/span><\/p>\n","protected":false},"author":1,"featured_media":0,"comment_status":"closed","ping_status":"closed","sticky":false,"template":"","format":"standard","meta":[],"categories":[201],"tags":[],"_links":{"self":[{"href":"https:\/\/diamentyrynku.pl\/index.php\/wp-json\/wp\/v2\/posts\/3441"}],"collection":[{"href":"https:\/\/diamentyrynku.pl\/index.php\/wp-json\/wp\/v2\/posts"}],"about":[{"href":"https:\/\/diamentyrynku.pl\/index.php\/wp-json\/wp\/v2\/types\/post"}],"author":[{"embeddable":true,"href":"https:\/\/diamentyrynku.pl\/index.php\/wp-json\/wp\/v2\/users\/1"}],"replies":[{"embeddable":true,"href":"https:\/\/diamentyrynku.pl\/index.php\/wp-json\/wp\/v2\/comments?post=3441"}],"version-history":[{"count":1,"href":"https:\/\/diamentyrynku.pl\/index.php\/wp-json\/wp\/v2\/posts\/3441\/revisions"}],"predecessor-version":[{"id":3442,"href":"https:\/\/diamentyrynku.pl\/index.php\/wp-json\/wp\/v2\/posts\/3441\/revisions\/3442"}],"wp:attachment":[{"href":"https:\/\/diamentyrynku.pl\/index.php\/wp-json\/wp\/v2\/media?parent=3441"}],"wp:term":[{"taxonomy":"category","embeddable":true,"href":"https:\/\/diamentyrynku.pl\/index.php\/wp-json\/wp\/v2\/categories?post=3441"},{"taxonomy":"post_tag","embeddable":true,"href":"https:\/\/diamentyrynku.pl\/index.php\/wp-json\/wp\/v2\/tags?post=3441"}],"curies":[{"name":"wp","href":"https:\/\/api.w.org\/{rel}","templated":true}]}}