{"id":4048,"date":"2020-12-27T13:32:45","date_gmt":"2020-12-27T12:32:45","guid":{"rendered":"https:\/\/diamentyrynku.pl\/?p=4048"},"modified":"2020-12-27T13:32:45","modified_gmt":"2020-12-27T12:32:45","slug":"ados-vegan-natural-kosmetyki-dla-dbajacych-o-planete","status":"publish","type":"post","link":"https:\/\/diamentyrynku.pl\/index.php\/2020\/12\/27\/ados-vegan-natural-kosmetyki-dla-dbajacych-o-planete\/","title":{"rendered":"Ados Vegan Natural &#8211; kosmetyki dla dbaj\u0105cych o planet\u0119"},"content":{"rendered":"<p>Marka Ados to oznacza dla mnie kosmetyki sentymentalne. Kiedy\u015b kr\u00f3lowa\u0142a tylko w ma\u0142ych polskich drogeriach, od niedawna tak\u017ce dost\u0119pna w sieci sklep\u00f3w Rossmann.<\/p>\n<p>Zgodnie z aktualnymi trendami powsta\u0142a nowa marka, kt\u00f3ra jest szczeg\u00f3lnie godna uwagi. <strong>Vegan natural<\/strong> to idealne rozwi\u0105zanie dla ka\u017cdego, kto dba o \u015brodowisko naturalne i poszukuje kosmetyk\u00f3w cruelty free.\u00a0 Zapraszam do przegl\u0105du!<\/p>\n<h4><\/h4>\n<h4 style=\"text-align: center;\"><strong>Ados Vegan Natural\u00a0FRIENDLY MASCARA 9 ML<\/strong><\/h4>\n<p><img class=\"aligncenter\" src=\"https:\/\/ados.pl\/wp-content\/uploads\/2020\/11\/product_image_vegan_friendly_mascara_01.jpg\" \/><\/p>\n<p>\/\u017ar\u00f3d\u0142o zdj\u0119cia Ados.pl\/<\/p>\n<p style=\"text-align: center;\"><a href=\"https:\/\/ados.pl\/produkty\/friendly-mascara-9-ml\/\">https:\/\/ados.pl\/produkty\/friendly-mascara-9-ml\/<\/a><\/p>\n<p>&nbsp;<\/p>\n<p>Wega\u0144ska mascara z nowej linii vegan natural, kt\u00f3ra przeniesie Twoje rz\u0119sy w nowy naturalny wymiar. Powsta\u0142a na bazie 70% sk\u0142adnik\u00f3w pochodzenia naturalnego:<\/p>\n<ul>\n<li>oleju rycynowego<\/li>\n<li>oleju z awokado<\/li>\n<li>oleju s\u0142onecznikowego<\/li>\n<li>oleju z pestek winogron<\/li>\n<li>oleju arganowego<\/li>\n<li>aloesu<\/li>\n<\/ul>\n<p>Zawiera r\u00f3wnie\u017c panthenol, kt\u00f3ry nawil\u017ca rz\u0119sy i chroni je przed szkodliwym dzia\u0142aniem czynnik\u00f3w zewn\u0119trznych.<\/p>\n<p>Friendly mascara posiada w\u0142a\u015bciwo\u015bci piel\u0119gnuj\u0105ce, od\u017cywia i wspomaga wzrost rz\u0119s. Wyd\u0142u\u017ca i pogrubia rz\u0119sy, a silikonowa szczoteczka idealnie je rozczesuje podkre\u015blaj\u0105c ka\u017cd\u0105 rz\u0119s\u0119! Pozostawia czarny kolor na rz\u0119sach.<\/p>\n<p><em>Ta mascara jest idealna dla os\u00f3b, kt\u00f3re decyduj\u0105 si\u0119 na naturalny, zdrowy makija\u017c rz\u0119s. U mnie delikatnie pogrubia, \u0142adnie wyd\u0142u\u017ca, jest \u015bwietnym dla mnie rozwi\u0105zaniem na co dzie\u0144. Produkt jest trwa\u0142y, mascara nie osypuje si\u0119. Tak\u017ce nie podra\u017cnia oczu, zmywa si\u0119 bardzo dobrze p\u0142ynem micelarnym. Na uwag\u0119 zas\u0142uguj\u0119 pi\u0119kna szata graficzna opakowa\u0144 kosmetyk\u00f3w Vegan Natural. Po\u0142\u0105czenie kremu z zieleni\u0105 jest niezwykle gustowne:)<\/em><\/p>\n<p>&nbsp;<\/p>\n<h4 style=\"text-align: center;\"><strong>Ados Vegan Natural\u00a0 LIPSTICK 4,8 G<\/strong><\/h4>\n<p><img class=\"aligncenter\" src=\"https:\/\/ados.pl\/wp-content\/uploads\/2020\/11\/product_image_vegan_lipstick_01.jpg\" \/><\/p>\n<p>\/\u017ar\u00f3d\u0142o zdj\u0119cia Ados.pl\/<\/p>\n<p style=\"text-align: center;\"><a href=\"https:\/\/ados.pl\/produkty\/lipstick-48-g\/\">https:\/\/ados.pl\/produkty\/lipstick-48-g\/<\/a><\/p>\n<p>Wega\u0144ska pomadka kolorowa z nowej linii vegan natural, kt\u00f3ra przeniesie Twoje usta w nowy naturalny wymiar. Powsta\u0142a na bazie 80% sk\u0142adnik\u00f3w pochodzenia naturalnego:<\/p>\n<ul>\n<li>oleju konopnego<\/li>\n<li>oleju ze s\u0142odkich migda\u0142\u00f3w<\/li>\n<li>oleju z pestek malin<\/li>\n<li>oleju s\u0142onecznikowego<\/li>\n<li>oleju rycynowego<\/li>\n<li>oleju arganowego<\/li>\n<li>mas\u0142a kakaowego<\/li>\n<\/ul>\n<p>Dzi\u0119ki bogatej kompozycji sk\u0142adnik\u00f3w naturalnych pomadka nie tylko nadaje kolor, ale posiada w\u0142a\u015bciwo\u015bci piel\u0119gnacyjne. Znakomicie regeneruje, wyg\u0142adza i od\u017cywia usta zapewniaj\u0105c odpowiednie nawil\u017cenie.<\/p>\n<p>Lipstick to szminka o kremowym wyko\u0144czeniu w 10 kolorach inspirowanych natur\u0105. Idealna na co dzie\u0144, podkre\u015bla naturalne pi\u0119kno ka\u017cdej kobiety.<\/p>\n<p><em>Te pomadki to m\u00f3j absolutny hit w ca\u0142ej wega\u0144skiej serii. Posiadam 2 odcienie 03 i 08. Ten drugi kolor to g\u0142\u0119boka czerwie\u0144\/bordo tylko na specjalne okazje. Natomiast moim ulubie\u0144cem jest kolor nr 03. Pi\u0119kny r\u00f3\u017c, id\u0105cy w stron\u0119 zimnego nude. Kolor jest bardzo twarzowy, \u015bwietnie odm\u0142adza. Pomadka ma przemi\u0142\u0105 aksamitnie-kremow\u0105 konsystencj\u0119. Wyko\u0144czenie ma matowe, ale nie wysusza ust. Wr\u0119cz przeciwnie nawil\u017ca. Dodatkowo ten zapach wanilii jest niesamowicie\u00a0przyjemny. Pomadka jest przyzwoicie trwa\u0142a. Polecam!<\/em><\/p>\n<p>&nbsp;<\/p>\n<h4 style=\"text-align: center;\"><strong>Ados Vegan Natural\u00a0<\/strong>LIP BALM 4,8 G<\/h4>\n<p><img class=\"aligncenter\" src=\"https:\/\/ados.pl\/wp-content\/uploads\/2020\/11\/product_image_vegan_lip_balm_01.jpg\" \/><\/p>\n<p>\/\u017ar\u00f3d\u0142o zdj\u0119cia Ados.pl\/<\/p>\n<p style=\"text-align: center;\"><a href=\"https:\/\/ados.pl\/produkty\/lip-balm-48-g\/\">https:\/\/ados.pl\/produkty\/lip-balm-48-g\/<\/a><\/p>\n<p>Wega\u0144ska pomadka ochronna z nowej linii vegan natural, kt\u00f3ra przeniesie Twoje usta w nowy naturalny wymiar. Powsta\u0142a na bazie 90% sk\u0142adnik\u00f3w pochodzenia naturalnego:<\/p>\n<ul>\n<li>oleju konopnego<\/li>\n<li>oleju ze s\u0142odkich migda\u0142\u00f3w<\/li>\n<li>oleju z pestek malin<\/li>\n<li>oleju s\u0142onecznikowego<\/li>\n<li>oleju rycynowego<\/li>\n<li>oleju arganowego<\/li>\n<li>mas\u0142a shea<\/li>\n<li>mas\u0142a kakaowego<\/li>\n<\/ul>\n<p>Bogata w dobroczynne i naturalne sk\u0142adniki kompozycja\u00a0znakomicie regeneruje, wyg\u0142adza i od\u017cywia usta. Dba o odpowiednie nawil\u017cenie zapobiegaj\u0105c ich p\u0119kaniu i wysychaniu. Delikatnie je nat\u0142uszcza, tworz\u0105c warstw\u0119 ochronn\u0105 przed s\u0142o\u0144cem, wiatrem i mrozem. Pomadka posiada w\u0142a\u015bciwo\u015bci przeciwzapalne oraz przyspiesza gojenie si\u0119 ran na ustach.<\/p>\n<p>Pomadka ochronna Lip balm dost\u0119pna jest w 3 smakach:<\/p>\n<ul>\n<li>Naturalna<\/li>\n<li>Liczi<\/li>\n<li>Jagoda<\/li>\n<\/ul>\n<p><em>Ten balsam posiadam w kolorze Jagoda, jest to kolor typowo bordowo-r\u00f3\u017cowy. Na ustach daje ca\u0142kiem mocny pigment, jak na balsam ochronny. Pachnie apetycznie owocowo-jagodowo, \u015bwietnie nawil\u017ca i od\u017cywia usta. Dla mnie to taka doskona\u0142a pomadka na zim\u0119. Chroni usta przed wysuszeniem, nadaje im \u0142adny, g\u0142adki i j\u0119drny wygl\u0105d. Warto mie\u0107 przy sobie taki produkt.<\/em><\/p>\n<p>&nbsp;<\/p>\n<h4 style=\"text-align: center;\"><strong>Ados Vegan Natural\u00a0<\/strong>NATURAL NAIL POLISH 6 ML<\/h4>\n<p><img class=\"aligncenter\" src=\"https:\/\/ados.pl\/wp-content\/uploads\/2020\/11\/product_image_vegan_natural_nai_-polish_01.jpg\" \/><\/p>\n<p>\/\u017ar\u00f3d\u0142o zdj\u0119cia Ados.pl\/<\/p>\n<p style=\"text-align: center;\"><a href=\"https:\/\/ados.pl\/produkty\/natural-nail-polish-6-ml\/\">https:\/\/ados.pl\/produkty\/natural-nail-polish-6-ml\/<\/a><\/p>\n<div id=\"pgc-2348-2-0\" class=\"panel-grid-cell\">\n<div id=\"panel-2348-2-0-1\" class=\"so-panel widget widget_sow-image-grid panel-last-child\" data-index=\"2\">\n<div class=\"so-widget-sow-image-grid so-widget-sow-image-grid-default-c51e448a0a62\">\n<div class=\"sow-image-grid-wrapper\"><\/div>\n<\/div>\n<\/div>\n<\/div>\n<div id=\"pgc-2348-2-1\" class=\"panel-grid-cell\">\n<div id=\"panel-2348-2-1-0\" class=\"so-panel widget widget_sow-editor panel-first-child panel-last-child\" data-index=\"3\">\n<div class=\"so-widget-sow-editor so-widget-sow-editor-base\">\n<div class=\"siteorigin-widget-tinymce textwidget\">\n<p>Wega\u0144ski lakier do paznokci z nowej linii vegan natural, kt\u00f3ry przeniesie Twoje paznokcie w nowy naturalny wymiar. A\u017c 75% sk\u0142adnik\u00f3w ma swoje \u017ar\u00f3d\u0142o w naturze. W formule mo\u017cemy znale\u017a\u0107 mi\u0119dzy innymi:<\/p>\n<ul>\n<li>Ziemniaka<\/li>\n<li>Kukurydz\u0119<\/li>\n<li>Bawe\u0142n\u0119<\/li>\n<li>Pszenic\u0119<\/li>\n<li>Maniok<\/li>\n<\/ul>\n<p>Lakier bardzo szybko schnie oraz pozwala cieszy\u0107 si\u0119 kolorem i blaskiem a\u017c do 5 dni! Jest odporny na odpryskiwanie a p\u0142aski p\u0119dzelek sprawia, \u017ce \u0142atwo si\u0119 go aplikuje.<\/p>\n<p>Kolekcja Natural nail polish sk\u0142ada si\u0119 z 15 kolor\u00f3w inspirowanych natur\u0105.<\/p>\n<p>Lakier stosowany razem z Base&amp;Top 2in1 to gwarancja zdrowego i nieskazitelnego manicure.<\/p>\n<p><em>Po lakiery Ados si\u0119gam od wielu lat, uwa\u017cam, \u017ce s\u0105 naprawd\u0119 wysokiej, profesjonalnej jako\u015bci. Tak\u017ce wega\u0144ski lakier prezentuje podobny poziom. \u0141adnie si\u0119 na paznokciach rozprowadza, 2 warstwy r\u00f3wno pokrywaj\u0105 paznokcie. Pi\u0119knie\u00a0nab\u0142yszcza, a utrzymuje si\u0119 na p\u0142ytce ok 4 dni. Plusem jest dla mnie to, ze jest naturalny\u00a0bo cz\u0119sto maluj\u0119\u00a0paznokcie. Gama kolorystyczna jest pi\u0119kna, podobaj\u0105 mi si\u0119 zw\u0142aszcza jasne r\u00f3\u017cane kobiece kolory.<\/em><\/p>\n<\/div>\n<h4 style=\"text-align: center;\"><strong>Ados Vegan Natural\u00a0<\/strong>BASE&amp;TOP 2IN1 6 ML<\/h4>\n<p><img src=\"https:\/\/ados.pl\/wp-content\/uploads\/2020\/11\/product_image_vegan_base-and-top_02.jpg\" \/><\/p>\n<p>\/\u017ar\u00f3d\u0142o zdj\u0119cia Ados.pl\/<\/p>\n<p style=\"text-align: center;\"><a href=\"https:\/\/ados.pl\/produkty\/basetop-2in1-6-ml\/\">https:\/\/ados.pl\/produkty\/basetop-2in1-6-ml\/<\/a><\/p>\n<p>Baza i Top w jednym produkcie, a do tego w formule wega\u0144skiej! Stworzony na bazie 84% sk\u0142adnik\u00f3w pochodzenia naturalnego:<\/p>\n<ul>\n<li>Ziemniaka<\/li>\n<li>Kukurydzy<\/li>\n<li>Manioku<\/li>\n<li>Szpinaku<\/li>\n<li>Zielonej herbaty<\/li>\n<\/ul>\n<p>Dzi\u0119ki temu stanowi bogate \u017ar\u00f3d\u0142o witamin, minera\u0142\u00f3w i antyoksydant\u00f3w.<\/p>\n<p>Base&amp;Top 2in1 zawiera r\u00f3wnie\u017c naturaln\u0105 \u017cywic\u0119 pistacjow\u0105 o w\u0142a\u015bciwo\u015bciach utwardzaj\u0105cych paznokcie. Od\u017cywia, wzmacnia i piel\u0119gnuje p\u0142ytk\u0119 paznokcia.<\/p>\n<p>Stosowany jako Baza chroni przed \u017c\u00f3\u0142kni\u0119ciem i odbarwieniami. Stosowany jako Top chroni przed odpryskiwaniem i wyd\u0142u\u017ca trwa\u0142o\u015b\u0107 manicure.<\/p>\n<p><em>Baz\u0119 stosuj\u0119 pod lakier do paznokci bardziej dla wyr\u00f3wnania p\u0142ytki, tak aby lakier wygl\u0105da\u0142 g\u0142adko i bardziej szkli\u015bcie. \u015awietnie si\u0119 sprawdza w tej roli, przed\u0142u\u017ca tak\u017ce trwa\u0142o\u015b\u0107\u00a0lakieru. Kiedy u\u017cywam ciemnych lakier\u00f3w, sprawia, \u017ce przy zbywaniu nie mam odbarwionej p\u0142ytki. Bardzo skuteczna i zarazem zdrowa baza &#8211; polecam!<\/em><\/p>\n<\/div>\n<\/div>\n<\/div>\n","protected":false},"excerpt":{"rendered":"<p>Marka Ados to oznacza dla mnie kosmetyki sentymentalne. Kiedy\u015b kr\u00f3lowa\u0142a tylko w ma\u0142ych polskich drogeriach, od niedawna tak\u017ce dost\u0119pna w sieci sklep\u00f3w Rossmann. Zgodnie z aktualnymi trendami powsta\u0142a nowa marka, kt\u00f3ra jest szczeg\u00f3lnie godna uwagi. Vegan natural to idealne rozwi\u0105zanie dla ka\u017cdego, kto dba o \u015brodowisko naturalne i poszukuje kosmetyk\u00f3w cruelty free.\u00a0 Zapraszam do przegl\u0105du! &#8230; <span class=\"more\"><a class=\"more-link\" href=\"https:\/\/diamentyrynku.pl\/index.php\/2020\/12\/27\/ados-vegan-natural-kosmetyki-dla-dbajacych-o-planete\/\">[Czytaj wi\u0119cej&#8230;]<\/a><\/span><\/p>\n","protected":false},"author":1,"featured_media":4049,"comment_status":"closed","ping_status":"closed","sticky":false,"template":"","format":"standard","meta":[],"categories":[1],"tags":[],"_links":{"self":[{"href":"https:\/\/diamentyrynku.pl\/index.php\/wp-json\/wp\/v2\/posts\/4048"}],"collection":[{"href":"https:\/\/diamentyrynku.pl\/index.php\/wp-json\/wp\/v2\/posts"}],"about":[{"href":"https:\/\/diamentyrynku.pl\/index.php\/wp-json\/wp\/v2\/types\/post"}],"author":[{"embeddable":true,"href":"https:\/\/diamentyrynku.pl\/index.php\/wp-json\/wp\/v2\/users\/1"}],"replies":[{"embeddable":true,"href":"https:\/\/diamentyrynku.pl\/index.php\/wp-json\/wp\/v2\/comments?post=4048"}],"version-history":[{"count":1,"href":"https:\/\/diamentyrynku.pl\/index.php\/wp-json\/wp\/v2\/posts\/4048\/revisions"}],"predecessor-version":[{"id":4050,"href":"https:\/\/diamentyrynku.pl\/index.php\/wp-json\/wp\/v2\/posts\/4048\/revisions\/4050"}],"wp:featuredmedia":[{"embeddable":true,"href":"https:\/\/diamentyrynku.pl\/index.php\/wp-json\/wp\/v2\/media\/4049"}],"wp:attachment":[{"href":"https:\/\/diamentyrynku.pl\/index.php\/wp-json\/wp\/v2\/media?parent=4048"}],"wp:term":[{"taxonomy":"category","embeddable":true,"href":"https:\/\/diamentyrynku.pl\/index.php\/wp-json\/wp\/v2\/categories?post=4048"},{"taxonomy":"post_tag","embeddable":true,"href":"https:\/\/diamentyrynku.pl\/index.php\/wp-json\/wp\/v2\/tags?post=4048"}],"curies":[{"name":"wp","href":"https:\/\/api.w.org\/{rel}","templated":true}]}}