{"id":6752,"date":"2022-09-17T17:15:01","date_gmt":"2022-09-17T15:15:01","guid":{"rendered":"https:\/\/diamentyrynku.pl\/?p=6752"},"modified":"2023-02-25T20:16:53","modified_gmt":"2023-02-25T19:16:53","slug":"emho-piekne-swiece-sojowe-na-jesien","status":"publish","type":"post","link":"https:\/\/diamentyrynku.pl\/index.php\/2022\/09\/17\/emho-piekne-swiece-sojowe-na-jesien\/","title":{"rendered":"EMHO &#8211; pi\u0119kne \u015bwiece sojowe na jesie\u0144!"},"content":{"rendered":"<p><span lang=\"PL\">#Poni\u017cszy materia\u0142 jest wsp\u00f3\u0142prac\u0105 reklamow\u0105<\/span><\/p>\n<p>Ju\u017c nied\u0142ugo czekaj\u0105 nas prawdziwie d\u0142ugie wieczory jesienne, gdzie wielu z nas rozpocznie rytua\u0142 palenia \u015bwiec. Warto si\u0119gn\u0105\u0107 po te zdrowsze wersje \u015bwiec sojowtcg. \u015awiece sojowe wytwarzane z wosku sojowego s\u0105 lepsze dla twojego zdrowia, poniewa\u017c wosk sojowy spala si\u0119 znacznie czy\u015bciej i wytwarza do 90% mniej sadzy ni\u017c parafina. Oznacza to, \u017ce pal\u0105c naturalne \u015bwiece sojowe zamiast \u015bwiec parafinowych, zmniejszamy ilo\u015b\u0107 zanieczyszcze\u0144 powietrza w pomieszczeniach w kt\u00f3rych przebywamy.<\/p>\n<p>Wosk sojowy nie niszczy \u015bcian, sufitu oraz mebli. Mikro osady z palenia \u015bwiec parafinowych gromadz\u0105 si\u0119 na \u015bcianach. Warto si\u0119gn\u0105\u0107 po \u015bwiece sojowe 100% naturalne, takie jakie oferuje firma EMHO.<\/p>\n<h3 style=\"text-align: center;\"><a href=\"https:\/\/emho.pl\/\">https:\/\/emho.pl\/<\/a><\/h3>\n<p>Poni\u017cej wybrane zapachy &#8211; zdj\u0119cia i opisy pochodz\u0105 ze strony sklepu.<\/p>\n<p>&nbsp;<\/p>\n<h4 class=\"product_title entry-title\" style=\"text-align: center;\">\u015awieca sojowa KAWA CYNAMON<\/h4>\n<p><img class=\"aligncenter\" src=\"https:\/\/mljf9uytdvv6.i.optimole.com\/5PSiOZY-lftre5zQ\/w:600\/h:600\/q:mauto\/f:avif\/https:\/\/emho.pl\/wp-content\/uploads\/2021\/04\/Swieca_KAWA_CYNAMON.png\" alt=\"\u015awieca Kawa z cynamonem\" \/><\/p>\n<p style=\"text-align: center;\"><a href=\"https:\/\/emho.pl\/swiece-sojowe\/swieca-sojowa-kawa-cynamon\/\">https:\/\/emho.pl\/swiece-sojowe\/swieca-sojowa-kawa-cynamon\/<\/a><\/p>\n<p><strong>Naturalny surowiec:<\/strong>\u00a0100 % wosk sojowy<\/p>\n<p><strong>Waga zalewu:<\/strong>\u00a0ok. 98 gram<\/p>\n<p><strong>Ca\u0142kowita waga produktu:<\/strong>\u00a0ok. 230 gram<\/p>\n<p><strong>Wymiary \u015bwiecy:<\/strong>\u00a065 x 60 x 60 mm<\/p>\n<p><strong>EKO knot:<\/strong>\u00a0bez rdzenia i szkodliwych dodatk\u00f3w (nie kopci),<\/p>\n<p><strong>Maksymalny czas palenia bez przerwy:<\/strong>\u00a03 godziny<\/p>\n<p>\u015awieca sojowa KAWA CYNAMON \u2014 to klasyczne po\u0142\u0105czenie, kt\u00f3re znajdzie wielu zwolennik\u00f3w. Po\u0142\u0105czenie \u015bwie\u017co zmielonych palonych ziaren kawy z dope\u0142niaj\u0105cym cynamonem to kompozycja idealna, kt\u00f3ra w po\u0142\u0105czeniu, tworzy doskona\u0142y zapach. Zmys\u0142y podpowiadaj\u0105, \u017ce niczego tu nie brakuje, a taka \u015bwieca jest jak kropka na \u201ci\u201d ca\u0142ego dobrego dnia. Co wi\u0119cej, ta \u015bwieca zaskakuje podczas palenia. Dopiero po zapaleniu poznasz pe\u0142en wachlarz dobroci, jakie w sobie skrywa.<\/p>\n<p><em><strong>Moja opinia:<\/strong><\/em> <em>Ta \u015bwieca jest stworzona dla mi\u0142o\u015bnik\u00f3w kawy, ale nie kawy latte, czy delikatnej wersji cappuccino, ale dla zwolennik\u00f3w czarnej mocnej kawy z dodatkiem du\u017cej ilo\u015bci cynamonu. Zapach jest wyrazisty, mocny, ale w pomieszczeniu pi\u0119knie si\u0119 pali, aromat roznosi si\u0119 w spos\u00f3b r\u00f3wnomierny. T\u0119 \u015bwiec\u0119 uwielbiam pali\u0107 w sobotnie poranki, kiedy potrzebuj\u0119 mi\u0142ego czasu w domu nawet podczas porannych porz\u0105dk\u00f3w.<\/em><\/p>\n<p>&nbsp;<\/p>\n<div class=\"left_column\">\n<h4 class=\"product_title entry-title\" style=\"text-align: center;\">\u015awieca sojowa KOKOS<\/h4>\n<\/div>\n<div class=\"wpgs woocommerce-product-gallery wpgs--with-images images\">\n<div class=\"wpgs-for slick-initialized slick-slider\">\n<div class=\"slick-list\">\n<div class=\"slick-track\">\n<div class=\"slick-slide slick-current slick-active\" data-slick-index=\"0\" aria-hidden=\"false\">\n<div>\n<div class=\"woocommerce-product-gallery__image single-product-main-image\"><a tabindex=\"0\" href=\"https:\/\/mljf9uytdvv6.i.optimole.com\/5PSiOZY-6-3erJZN\/w:auto\/h:auto\/q:mauto\/f:avif\/https:\/\/emho.pl\/wp-content\/uploads\/2021\/11\/Swieca-sojowa-KOKOS.png\" data-caption=\"\u015awieca sojowa KOKOS\" data-fancybox=\"wpgs-lightbox\" data-mobile=\"[&quot;clickContent:close&quot;,&quot;clickSlide:close&quot;]\" data-infobar=\"true\" data-hash=\"false\"><img loading=\"lazy\" class=\"attachment-shop_single size-shop_single wp-post-image aligncenter\" src=\"https:\/\/mljf9uytdvv6.i.optimole.com\/5PSiOZY-6-3erJZN\/w:600\/h:600\/q:mauto\/f:avif\/https:\/\/emho.pl\/wp-content\/uploads\/2021\/11\/Swieca-sojowa-KOKOS.png\" alt=\"\u015awieca sojowa KOKOS\" width=\"600\" height=\"600\" data-opt-src=\"https:\/\/mljf9uytdvv6.i.optimole.com\/5PSiOZY-6-3erJZN\/w:600\/h:600\/q:mauto\/f:avif\/https:\/\/emho.pl\/wp-content\/uploads\/2021\/11\/Swieca-sojowa-KOKOS.png\" data-zoom_src=\"https:\/\/mljf9uytdvv6.i.optimole.com\/5PSiOZY-6-3erJZN\/w:auto\/h:auto\/q:mauto\/f:avif\/https:\/\/emho.pl\/wp-content\/uploads\/2021\/11\/Swieca-sojowa-KOKOS.png\" data-opt-lazy-loaded=\"true\" data-opt-otimized-width=\"379\" data-opt-optimized-height=\"379\" \/><\/a><\/div>\n<\/div>\n<\/div>\n<\/div>\n<div class=\"slick-slide\" style=\"text-align: center;\" tabindex=\"-1\" data-slick-index=\"1\" aria-hidden=\"true\"><a href=\"https:\/\/emho.pl\/swiece-sojowe\/swieca-sojowa-kokos\/\">https:\/\/emho.pl\/swiece-sojowe\/swieca-sojowa-kokos\/<\/a><\/div>\n<div tabindex=\"-1\" data-slick-index=\"1\" aria-hidden=\"true\"><\/div>\n<div tabindex=\"-1\" data-slick-index=\"1\" aria-hidden=\"true\">Delikatno\u015b\u0107 i wyj\u0105tkowo\u015b\u0107 zapachu o egzotycznym charakterze, pozwala na zwi\u0119kszenie komfortu psychicznego, nadaj\u0105c przytuln\u0105 oraz urocz\u0105 aur\u0119 w naszym otoczeniu.\u00a0\u015awieca sojowa o zapachu kokosowym, to propozycja na egzotyczn\u0105 form\u0119 relaksu w od\u015bwie\u017caj\u0105cym tonie \u015bwie\u017co\u015bci, kt\u00f3r\u0105 mo\u017cemy odczuwa\u0107 w tropikalnym a zarazem kremowym walorze zapachowym. Ten pe\u0142en s\u0142o\u0144ca zapach, jest odzwierciedleniem relaksuj\u0105cego wyd\u017awi\u0119ku lata, kt\u00f3ry mo\u017ce nam towarzyszy\u0107 w ka\u017cdym, wybranym przez nas momencie, nadaj\u0105c szczypty uroku wzgl\u0119dem naszego otoczenia. \u015awieca sojowa KOKOS, to kompozycja o wyj\u0105tkowym i delikatnym wygl\u0105dzie ca\u0142o\u015bci.<\/div>\n<\/div>\n<div tabindex=\"-1\" data-slick-index=\"1\" aria-hidden=\"true\"><\/div>\n<div tabindex=\"-1\" data-slick-index=\"1\" aria-hidden=\"true\"><em><strong>Moja opinia: <\/strong>Zapach kokosa okaza\u0142 si\u0119 niespodziewanie moim faworytem w ca\u0142ej kolekcji. Zapach jest subtelny, to delikatny kokos s\u0142odki, wyczuwam wanili\u0119. Zapach upajaj\u0105cy, po stresuj\u0105cym dniu wycisza, uspokaja. Moja mama nie lubi noc co kokosowe, ale ten zapach uwielbia. Polecam ten aromat!<\/em><\/div>\n<div tabindex=\"-1\" data-slick-index=\"1\" aria-hidden=\"true\"><\/div>\n<div tabindex=\"-1\" data-slick-index=\"1\" aria-hidden=\"true\">\n<h4 class=\"product_title entry-title\" style=\"text-align: center;\">\u015awieca sojowa MARCEPAN<\/h4>\n<p><img class=\"aligncenter\" src=\"https:\/\/mljf9uytdvv6.i.optimole.com\/5PSiOZY-g2KGpxpg\/w:600\/h:600\/q:mauto\/f:avif\/https:\/\/emho.pl\/wp-content\/uploads\/2022\/04\/swieca-sojowa-marcepan.png\" alt=\"\u015bwieca sojowa marcepan\" \/><\/p>\n<p style=\"text-align: center;\"><a href=\"https:\/\/emho.pl\/swiece-sojowe\/swieca-sojowa-marcepan\/\">https:\/\/emho.pl\/swiece-sojowe\/swieca-sojowa-marcepan\/<\/a><\/p>\n<\/div>\n<div class=\"slick-list\">\n<div class=\"slick-track\">\n<div class=\"slick-slide\" tabindex=\"-1\" data-slick-index=\"2\" aria-hidden=\"true\">\n<p>S\u0142odki i aromatyczny zapach marcepanu zamkni\u0119ty w szklanym s\u0142oiczku. Nasza \u015bwieca sojowa o zapachu s\u0142odkiego marcepanu to intensywna wersja s\u0142odyczy w postaci \u015bwiecy sojowej. Ten charakterystyczny aromat i pi\u0119kno wspomnie\u0144 pokierowa\u0142y nas w kierunku przygotowania \u015bwieczki zapachowej, kt\u00f3ra w swojej charakterystyce dotrze do bardzo sprecyzowanej grupy odbiorc\u00f3w. W telegraficznym skr\u00f3cie\u2026ta \u015bwieczka pachnie jak marcepan, uwalnia aromat jak marcepan i jest bardzo intensywna w odczuciu tak jak<span class=\"hiddenGrammarError\">\u2026.<\/span>\u00a0MARCEPAN.<\/p>\n<\/div>\n<p><em><strong>Moja opinia: <\/strong>To jest prawdziwy marcepan! Brawo dla producenta, jak wiernie odwzorowa\u0142 w \u015bwiecy zapach marcepana&#8230;Jest mocno, zapach w opakowaniu uderza wyrazisto\u015bci\u0105. Przy paleniu pi\u0119knie si\u0119 roznosi po ca\u0142ym mieszkaniu. Dla mnie to zapach elegancki, do przyjmowania go\u015bci, ale tak\u017ce \u015bwietny na wiecz\u00f3r pod ciep\u0142ym kocem, gdy przemarzni\u0119ciu po d\u0142ugim spacerze pr\u00f3bujemy si\u0119 rozgrza\u0107.<\/em><\/p>\n<\/div>\n<h4 style=\"text-align: center;\"><strong>Polecam!<\/strong><\/h4>\n<div class=\"slick-track\">\n<div class=\"slick-slide\" tabindex=\"-1\" data-slick-index=\"2\" aria-hidden=\"true\">\n<p>&nbsp;<\/p>\n<\/div>\n<div class=\"slick-slide\" tabindex=\"-1\" data-slick-index=\"3\" aria-hidden=\"true\"><\/div>\n<\/div>\n<\/div>\n<\/div>\n<div class=\"wpgs-nav slick-initialized slick-slider\">\n<div class=\"slick-list draggable\">\n<div class=\"slick-track\">\n<div class=\"slick-slide slick-current slick-active\" data-slick-index=\"0\" aria-hidden=\"false\"><\/div>\n<div class=\"slick-slide slick-active\" data-slick-index=\"1\" aria-hidden=\"false\"><\/div>\n<div class=\"slick-slide slick-active\" data-slick-index=\"2\" aria-hidden=\"false\"><\/div>\n<div class=\"slick-slide slick-active\" data-slick-index=\"3\" aria-hidden=\"false\"><\/div>\n<\/div>\n<\/div>\n<\/div>\n<\/div>\n<div class=\"summary entry-summary\"><\/div>\n<p>&nbsp;<\/p>\n","protected":false},"excerpt":{"rendered":"<p>#Poni\u017cszy materia\u0142 jest wsp\u00f3\u0142prac\u0105 reklamow\u0105 Ju\u017c nied\u0142ugo czekaj\u0105 nas prawdziwie d\u0142ugie wieczory jesienne, gdzie wielu z nas rozpocznie rytua\u0142 palenia \u015bwiec. Warto si\u0119gn\u0105\u0107 po te zdrowsze wersje \u015bwiec sojowtcg. \u015awiece sojowe wytwarzane z wosku sojowego s\u0105 lepsze dla twojego zdrowia, poniewa\u017c wosk sojowy spala si\u0119 znacznie czy\u015bciej i wytwarza do 90% mniej sadzy ni\u017c parafina. &#8230; <span class=\"more\"><a class=\"more-link\" href=\"https:\/\/diamentyrynku.pl\/index.php\/2022\/09\/17\/emho-piekne-swiece-sojowe-na-jesien\/\">[Czytaj wi\u0119cej&#8230;]<\/a><\/span><\/p>\n","protected":false},"author":1,"featured_media":6753,"comment_status":"closed","ping_status":"closed","sticky":false,"template":"","format":"standard","meta":[],"categories":[201],"tags":[],"_links":{"self":[{"href":"https:\/\/diamentyrynku.pl\/index.php\/wp-json\/wp\/v2\/posts\/6752"}],"collection":[{"href":"https:\/\/diamentyrynku.pl\/index.php\/wp-json\/wp\/v2\/posts"}],"about":[{"href":"https:\/\/diamentyrynku.pl\/index.php\/wp-json\/wp\/v2\/types\/post"}],"author":[{"embeddable":true,"href":"https:\/\/diamentyrynku.pl\/index.php\/wp-json\/wp\/v2\/users\/1"}],"replies":[{"embeddable":true,"href":"https:\/\/diamentyrynku.pl\/index.php\/wp-json\/wp\/v2\/comments?post=6752"}],"version-history":[{"count":2,"href":"https:\/\/diamentyrynku.pl\/index.php\/wp-json\/wp\/v2\/posts\/6752\/revisions"}],"predecessor-version":[{"id":7293,"href":"https:\/\/diamentyrynku.pl\/index.php\/wp-json\/wp\/v2\/posts\/6752\/revisions\/7293"}],"wp:featuredmedia":[{"embeddable":true,"href":"https:\/\/diamentyrynku.pl\/index.php\/wp-json\/wp\/v2\/media\/6753"}],"wp:attachment":[{"href":"https:\/\/diamentyrynku.pl\/index.php\/wp-json\/wp\/v2\/media?parent=6752"}],"wp:term":[{"taxonomy":"category","embeddable":true,"href":"https:\/\/diamentyrynku.pl\/index.php\/wp-json\/wp\/v2\/categories?post=6752"},{"taxonomy":"post_tag","embeddable":true,"href":"https:\/\/diamentyrynku.pl\/index.php\/wp-json\/wp\/v2\/tags?post=6752"}],"curies":[{"name":"wp","href":"https:\/\/api.w.org\/{rel}","templated":true}]}}