{"id":6759,"date":"2022-09-17T17:22:56","date_gmt":"2022-09-17T15:22:56","guid":{"rendered":"https:\/\/diamentyrynku.pl\/?p=6759"},"modified":"2023-02-25T20:16:33","modified_gmt":"2023-02-25T19:16:33","slug":"paulo-peruzzi-stylowe-i-otulajace-akcesoria-zimowe","status":"publish","type":"post","link":"https:\/\/diamentyrynku.pl\/index.php\/2022\/09\/17\/paulo-peruzzi-stylowe-i-otulajace-akcesoria-zimowe\/","title":{"rendered":"Paulo Peruzzi &#8211; stylowe i otulaj\u0105ce akcesoria zimowe"},"content":{"rendered":"<p><span lang=\"PL\">#Poni\u017cszy materia\u0142 jest wsp\u00f3\u0142prac\u0105 reklamow\u0105<\/span><\/p>\n<p>Zbli\u017caj\u0105cy si\u0119 sezon zimowy jest doskona\u0142ym momentem, by zmieni\u0107 swoj\u0105 garderob\u0119. Modne i ciep\u0142e dodatki odzie\u017cowe znajdziemy w sklepie Paolo Peruzzi. Wyj\u0105tkowa kolekcja czapek i szalik\u00f3w dla kobiet, kt\u00f3re lubi\u0105 wyr\u00f3\u017cnia\u0107 si\u0119 z t\u0142umu klasycznymi, acz oryginalnymi akcesoriami. Na uwag\u0119 zas\u0142uguje przede wszystkim doskona\u0142y sk\u0142ad termoizolacyjny \u2013 czapka, kt\u00f3ra przez lata s\u0142u\u017cy jako uniwersalny i praktyczny dodatek w sezonie jesienno-zimowym.<\/p>\n<p>&nbsp;<\/p>\n<h4 style=\"text-align: center;\"><strong><a href=\"https:\/\/paoloperuzzi.it\/\">https:\/\/paoloperuzzi.it\/<\/a><\/strong><\/h4>\n<p>&nbsp;<\/p>\n<h4 style=\"text-align: center;\">WE\u0141NIANA CZAPKA ZIMOWA DAMSKA PAOLO PERUZZI A-03-GR<\/h4>\n<p><a href=\"https:\/\/diamentyrynku.pl\/wp-content\/uploads\/2022\/09\/welniana-czapka-zimowa-damska-paolo-peruzzi-a-03-gr.jpg\"><img loading=\"lazy\" class=\"size-full wp-image-6760 aligncenter\" src=\"https:\/\/diamentyrynku.pl\/wp-content\/uploads\/2022\/09\/welniana-czapka-zimowa-damska-paolo-peruzzi-a-03-gr.jpg\" alt=\"\" width=\"708\" height=\"708\" srcset=\"https:\/\/diamentyrynku.pl\/wp-content\/uploads\/2022\/09\/welniana-czapka-zimowa-damska-paolo-peruzzi-a-03-gr.jpg 708w, https:\/\/diamentyrynku.pl\/wp-content\/uploads\/2022\/09\/welniana-czapka-zimowa-damska-paolo-peruzzi-a-03-gr-300x300.jpg 300w, https:\/\/diamentyrynku.pl\/wp-content\/uploads\/2022\/09\/welniana-czapka-zimowa-damska-paolo-peruzzi-a-03-gr-150x150.jpg 150w\" sizes=\"(max-width: 708px) 100vw, 708px\" \/><\/a><\/p>\n<p style=\"text-align: center;\"><a href=\"https:\/\/paoloperuzzi.it\/ona\/czapki-damskie\/1683-welniana-czapka-zimowa-damska-paolo-peruzzi-a-03-gr.html\">https:\/\/paoloperuzzi.it\/ona\/czapki-damskie\/1683-welniana-czapka-zimowa-damska-paolo-peruzzi-a-03-gr.html<\/a><\/p>\n<p>Dla wielu kobiet czapka damska jest jedynie funkcjonalnym dodatkiem zapewniaj\u0105cym ciep\u0142o zim\u0105. Paolo Peruzzi udowadnia, \u017ce nakrycia g\u0142owy s\u0105 czym\u015b wi\u0119cej &#8211; kolekcja zimowa to modne akcesoria, kt\u00f3re w ciekawy i niebanalny spos\u00f3b uzupe\u0142niaj\u0105 Twoje codzienne stylizacje. Chroni\u0105 przed zimnem, ale i podkre\u015blaj\u0105 Twoj\u0105 kobieco\u015b\u0107. Wybierz kolor oraz fason, kt\u00f3ry najbardziej Ci si\u0119 podoba i przez lata ciesz si\u0119 stylowym, modnym nakryciem g\u0142owy.<strong><br \/>\n<\/strong><\/p>\n<p>Model A-03 powsta\u0142 z wysokogatunkowej prz\u0119dzy we\u0142nianej z dodatkiem alpaki, akrylu i poliestru. W celu zapewnienia skutecznej ochrony przed zimnem, czapka zosta\u0142a dodatkowo podszyta warstw\u0105 ciep\u0142ego, we\u0142nianego materia\u0142u. To sprawia, \u017ce nawet przy niskich temperaturach w mro\u017an\u0105 zim\u0119 b\u0119dziesz czu\u0142a si\u0119 komfortowo. Co wi\u0119cej, czapka nie zsuwa si\u0119 podczas noszenia i nie elektryzuje w\u0142os\u00f3w, dzi\u0119ki w\u0142a\u015bciwo\u015bciom antystatycznym. To doskona\u0142y wyb\u00f3r &#8211; przekonaj si\u0119 sama, dlaczego klasyczny fason sprawdzi si\u0119 najlepiej.<\/p>\n<div><em>Czapka wykonana jest z doskona\u0142ego sk\u0142adu materia\u0142owego, to czapki doskona\u0142a na najwi\u0119ksz\u0105 zimow\u0105 zawieruch\u0119. Jednocze\u015bnie, jako \u017ce materia\u0142y u\u017cyte s\u0105 naturalne przyjazne dla sk\u00f3ry, czapka pozwala swobodnie oddycha\u0107 sk\u00f3rze g\u0142owy. Nie ma tu mowy o gryzieniu, pojawianiu si\u0119 zaczerwienienia, wra\u017cliwo\u015bci na w\u0142\u00f3czk\u0119. Czapka jest d\u0142uga, mo\u017cna j\u0105 naci\u0105gn\u0105\u0107 dobrze na uszy. Nosi si\u0119 j\u0105 \u015bwietnie!<\/em><\/div>\n<div>\n<p><em>\u00a0Ponadto, czapka jest niezwykle solidnie wykonana. Po praniu nie traci fasonu, ani koloru. Wierz\u0119, \u017ce czapka pos\u0142u\u017cy mi na lata, bo jest taka codzienna, ciep\u0142a, komfortowa, ale nie pozbawiona wyj\u0105tkowego stylu. Do tego kolor grafitowy jest pi\u0119kny, zawsze uniwersalny i modny!<\/em><\/p>\n<\/div>\n<h4 style=\"text-align: center;\"><em>WE\u0141NIANY SZALIK ZIMOWY DAMSKI PA<\/em>OLO PERUZZI D-01-GR<\/h4>\n<p><a href=\"https:\/\/diamentyrynku.pl\/wp-content\/uploads\/2022\/09\/welniany-szalik-zimowy-paolo-peruzzi-d-01-gr.jpg\"><img loading=\"lazy\" class=\"size-full wp-image-6761 aligncenter\" src=\"https:\/\/diamentyrynku.pl\/wp-content\/uploads\/2022\/09\/welniany-szalik-zimowy-paolo-peruzzi-d-01-gr.jpg\" alt=\"\" width=\"708\" height=\"708\" srcset=\"https:\/\/diamentyrynku.pl\/wp-content\/uploads\/2022\/09\/welniany-szalik-zimowy-paolo-peruzzi-d-01-gr.jpg 708w, https:\/\/diamentyrynku.pl\/wp-content\/uploads\/2022\/09\/welniany-szalik-zimowy-paolo-peruzzi-d-01-gr-300x300.jpg 300w, https:\/\/diamentyrynku.pl\/wp-content\/uploads\/2022\/09\/welniany-szalik-zimowy-paolo-peruzzi-d-01-gr-150x150.jpg 150w\" sizes=\"(max-width: 708px) 100vw, 708px\" \/><\/a><\/p>\n<p style=\"text-align: center;\"><a href=\"https:\/\/paoloperuzzi.it\/ona\/szaliki-damskie\/1673-welniany-szalik-zimowy-paolo-peruzzi-d-01-gr.html\">https:\/\/paoloperuzzi.it\/ona\/szaliki-damskie\/1673-welniany-szalik-zimowy-paolo-peruzzi-d-01-gr.html<\/a><\/p>\n<p align=\"left\">Stylowe akcesoria odzie\u017cowe stanowi\u0105 uzupe\u0142nienie codziennych stylizacji, dlatego powinna\u015b starannie dobiera\u0107 dodatki do zak\u0142adanych na siebie ubra\u0144. Jeste\u015bmy przekonani, \u017ce zim\u0105 niezb\u0119dny oka\u017ce si\u0119\u00a0<a href=\"https:\/\/paoloperuzzi.it\/ona\/130-szaliki-damskie\">szalik damski z we\u0142ny<\/a>, \u0142\u0105cz\u0105cy w sobie zar\u00f3wno stylowy look inspirowany najnowszymi trendami, jak i w\u0142a\u015bciwo\u015b\u0107 utrzymania ciep\u0142a przy niskich temperaturach. Miej na uwadze swoje zdrowie i wybierz model D-01, kt\u00f3ry otuli Twoj\u0105 szyj\u0119 mi\u0119kko\u015bci\u0105 przyjemnej w dotyku prz\u0119dzy. Nadchodzi zima &#8211; to Tw\u00f3j czas, by zmieni\u0107 co\u015b w garderobie!<\/p>\n<p align=\"left\">Szalik D-01 zosta\u0142 wykonany z my\u015bl\u0105 o kobietach, kt\u00f3re ceni\u0105 sobie zar\u00f3wno modny wygl\u0105d, jak i ochron\u0119 przed zimnem w mro\u017ane dni. Po\u0142\u0105czenie poliestru, akrylu, we\u0142ny oraz alpaki sprawia, \u017ce prz\u0119dza cechuje si\u0119 w\u0142a\u015bciwo\u015bciami termoizolacyjnymi oraz jest przyjemna w dotyku. D\u0142ugo\u015b\u0107 szalika &#8211; 200 cm &#8211; sprawia, \u017ce mo\u017cesz w dowolny dla siebie spos\u00f3b zawi\u0105za\u0107 go wok\u00f3\u0142 szyi tak, jak lubisz. Przekonaj si\u0119 sama, jak wa\u017cny zim\u0105 jest dob\u00f3r odpowiednich dodatk\u00f3w.<\/p>\n<p><em>Szal jest naprawd\u0119 ogromny i mo\u017cna nim szczelnie otoczy\u0107 szyj\u0119 bardzo wysoko, niczym st\u00f3jk\u0105. To dlatego, \u017ce szal jest grubo pleciony, mi\u0119sisty, zachowuj\u0119 si\u0119 tu lepiej jak komin, je\u015bli chodzi nawet o opatulenie twarzy.\u00a0 Uwa\u017cam, \u017ce taki szal to zimowy niezb\u0119dnik, przemi\u0142y otulacz dla ka\u017cdej kobiety!<\/em><\/p>\n<p><em>Sk\u0142ad materia\u0142owy zachwyci\u0142 mnie swoj\u0105 mi\u0119kko\u015bci\u0105 i delikatno\u015bci\u0105. O ile\u00a0 produkty z we\u0142n\u0105 cz\u0119sto podra\u017cnia, czy mo\u017ce by\u0107 szorstka albo po prostu ci\u0119\u017cka, to szal Paulo Peruzzi jest wyj\u0105tkowo lekki, mi\u0119kki.<\/em><\/p>\n<p><em>Produkty s\u0105 tak\u017ce bardzo solidnie wykonane, szal \u0142adnie uk\u0142ada si\u0119. Tak\u017ce po praniu nie zauwa\u017cy\u0142am \u017cadnego rozci\u0105gni\u0119cia, mechacenia.<\/em><\/p>\n<p style=\"text-align: center;\"><strong>POLECAM!<\/strong><\/p>\n<p>&nbsp;<\/p>\n","protected":false},"excerpt":{"rendered":"<p>#Poni\u017cszy materia\u0142 jest wsp\u00f3\u0142prac\u0105 reklamow\u0105 Zbli\u017caj\u0105cy si\u0119 sezon zimowy jest doskona\u0142ym momentem, by zmieni\u0107 swoj\u0105 garderob\u0119. Modne i ciep\u0142e dodatki odzie\u017cowe znajdziemy w sklepie Paolo Peruzzi. Wyj\u0105tkowa kolekcja czapek i szalik\u00f3w dla kobiet, kt\u00f3re lubi\u0105 wyr\u00f3\u017cnia\u0107 si\u0119 z t\u0142umu klasycznymi, acz oryginalnymi akcesoriami. Na uwag\u0119 zas\u0142uguje przede wszystkim doskona\u0142y sk\u0142ad termoizolacyjny \u2013 czapka, kt\u00f3ra przez &#8230; <span class=\"more\"><a class=\"more-link\" href=\"https:\/\/diamentyrynku.pl\/index.php\/2022\/09\/17\/paulo-peruzzi-stylowe-i-otulajace-akcesoria-zimowe\/\">[Czytaj wi\u0119cej&#8230;]<\/a><\/span><\/p>\n","protected":false},"author":1,"featured_media":6760,"comment_status":"closed","ping_status":"closed","sticky":false,"template":"","format":"standard","meta":[],"categories":[201],"tags":[],"_links":{"self":[{"href":"https:\/\/diamentyrynku.pl\/index.php\/wp-json\/wp\/v2\/posts\/6759"}],"collection":[{"href":"https:\/\/diamentyrynku.pl\/index.php\/wp-json\/wp\/v2\/posts"}],"about":[{"href":"https:\/\/diamentyrynku.pl\/index.php\/wp-json\/wp\/v2\/types\/post"}],"author":[{"embeddable":true,"href":"https:\/\/diamentyrynku.pl\/index.php\/wp-json\/wp\/v2\/users\/1"}],"replies":[{"embeddable":true,"href":"https:\/\/diamentyrynku.pl\/index.php\/wp-json\/wp\/v2\/comments?post=6759"}],"version-history":[{"count":2,"href":"https:\/\/diamentyrynku.pl\/index.php\/wp-json\/wp\/v2\/posts\/6759\/revisions"}],"predecessor-version":[{"id":7290,"href":"https:\/\/diamentyrynku.pl\/index.php\/wp-json\/wp\/v2\/posts\/6759\/revisions\/7290"}],"wp:featuredmedia":[{"embeddable":true,"href":"https:\/\/diamentyrynku.pl\/index.php\/wp-json\/wp\/v2\/media\/6760"}],"wp:attachment":[{"href":"https:\/\/diamentyrynku.pl\/index.php\/wp-json\/wp\/v2\/media?parent=6759"}],"wp:term":[{"taxonomy":"category","embeddable":true,"href":"https:\/\/diamentyrynku.pl\/index.php\/wp-json\/wp\/v2\/categories?post=6759"},{"taxonomy":"post_tag","embeddable":true,"href":"https:\/\/diamentyrynku.pl\/index.php\/wp-json\/wp\/v2\/tags?post=6759"}],"curies":[{"name":"wp","href":"https:\/\/api.w.org\/{rel}","templated":true}]}}