{"id":6783,"date":"2022-09-19T20:06:23","date_gmt":"2022-09-19T18:06:23","guid":{"rendered":"https:\/\/diamentyrynku.pl\/?p=6783"},"modified":"2023-02-25T20:16:21","modified_gmt":"2023-02-25T19:16:21","slug":"szydelkowa-polana-wyroby-welniane-tworzone-z-pasja","status":"publish","type":"post","link":"https:\/\/diamentyrynku.pl\/index.php\/2022\/09\/19\/szydelkowa-polana-wyroby-welniane-tworzone-z-pasja\/","title":{"rendered":"Szyde\u0142kowa Polana &#8211; wyroby we\u0142niane tworzone z pasj\u0105"},"content":{"rendered":"<p><span lang=\"PL\">#Poni\u017cszy materia\u0142 jest wsp\u00f3\u0142prac\u0105 reklamow\u0105<\/span><\/p>\n<p>Dzisiejszy wpis jest po\u015bwi\u0119cony niezwyk\u0142ym akcesoriom zimowym Szyde\u0142kowa Polana.\u00a0 Czapki, szale w ca\u0142o\u015bci robione s\u0105 r\u0119cznie. S\u0105 proste w formie, atrakcyjnie kolorystycznie, z w\u0142\u00f3czek dobrej jako\u015bci, jak najbardziej naturalnych.<\/p>\n<p>We\u0142en naturalnych i syntetycznych na naszym rynku jest do wyboru mn\u00f3stwo ale do produkt\u00f3w Szyde\u0142kowa Polana wybierane s\u0105 te dobrej jako\u015bci i mi\u0142e w dotyku, najcz\u0119\u015bciej mieszanki we\u0142ny alpaki i merynosa.<\/p>\n<p>Na pewno te wyroby z we\u0142n\u0105 b\u0119d\u0105 cieplejsze i b\u0119d\u0105 lepiej oddycha\u0142y. Najlepsze wyroby s\u0105 z we\u0142ny merino, z merynos\u00f3w oraz z alpaki. To we\u0142ny najwy\u017cszej jako\u015bci i zawsze nieco dro\u017csze ni\u017c inne w\u0142\u00f3czki.<\/p>\n<h4 style=\"text-align: center;\"><a href=\"https:\/\/www.instagram.com\/szydelkowa_polana\/\">https:\/\/www.instagram.com\/szydelkowa_polana\/<\/a><\/h4>\n<p>&nbsp;<\/p>\n<p>Artystka o swoich produktach:<\/p>\n<p>&nbsp;<\/p>\n<p><em>Szyde\u0142kowa polana to dzia\u0142alno\u015b\u0107 artystyczna, kt\u00f3ra pomaga spe\u0142nia\u0107 wymarzone rzeczy pe\u0142ne zachwytu. Pracuj\u0119 najcz\u0119\u015bciej za pomoc\u0105 nici, szyde\u0142ka, ig\u0142y, p\u0119dzli i r\u0105k. Jak to na polanie jest pe\u0142no r\u00f3\u017cnych kwiat\u00f3w i stworze\u0144 jednak to przestrze\u0144 otulona i przypomina le\u015bn\u0105 oaz\u0119. Tak i produkty, kt\u00f3re u mnie powstaj\u0105 s\u0105 ro\u017cne i indywidualne ale \u0142\u0105czy ich ciep\u0142o.<\/em><\/p>\n<p>&nbsp;<\/p>\n<p style=\"text-align: center;\"><strong>Moja opinia:<\/strong><\/p>\n<p>Na pocz\u0105tek musz\u0119 wspomnie\u0107 o przemi\u0142ym i bardzo profesjonalnym kontakcie z artystk\u0105 Szyde\u0142kowej Polany. Pani Ania \u015bwietnie pomaga dobra\u0107 produkty, s\u0142u\u017cy rad\u0105 i w\u0142a\u015bciwie pozwala klientowi stworzy\u0107 sw\u00f3j wymarzony produkt:)<\/p>\n<p><a href=\"https:\/\/diamentyrynku.pl\/wp-content\/uploads\/2022\/09\/inline-scaled.jpg\"><img loading=\"lazy\" class=\"alignnone size-full wp-image-6791\" src=\"https:\/\/diamentyrynku.pl\/wp-content\/uploads\/2022\/09\/inline-scaled.jpg\" alt=\"\" width=\"2560\" height=\"2560\" srcset=\"https:\/\/diamentyrynku.pl\/wp-content\/uploads\/2022\/09\/inline-scaled.jpg 2560w, https:\/\/diamentyrynku.pl\/wp-content\/uploads\/2022\/09\/inline-300x300.jpg 300w, https:\/\/diamentyrynku.pl\/wp-content\/uploads\/2022\/09\/inline-1024x1024.jpg 1024w, https:\/\/diamentyrynku.pl\/wp-content\/uploads\/2022\/09\/inline-150x150.jpg 150w, https:\/\/diamentyrynku.pl\/wp-content\/uploads\/2022\/09\/inline-768x768.jpg 768w, https:\/\/diamentyrynku.pl\/wp-content\/uploads\/2022\/09\/inline-1536x1536.jpg 1536w, https:\/\/diamentyrynku.pl\/wp-content\/uploads\/2022\/09\/inline-2048x2048.jpg 2048w\" sizes=\"(max-width: 2560px) 100vw, 2560px\" \/><\/a><\/p>\n<p>Mia\u0142am przyjemno\u015b\u0107 testowania czapki i cieplutkiego szala, jako moich ulubionych akcesori\u00f3w zimowych. <strong>Szal<\/strong> zaskoczy\u0142 mnie tym, jak we\u0142na w nim jest delikatna, mi\u0119kka, zupe\u0142nie nie gryzie. Idealna do dok\u0142adnego szerokiego opatulenia szyi. Cudowny r\u00f3\u017cowy odcie\u0144, takie jesienne wrzosy czerwone, sprawia, \u017ce czuj\u0119 si\u0119 stylowo i kobieco. Wykonany w zgodzie z bardzo modnymi trendami w kolorach, wi\u0119c s\u0105 idealny do r\u00f3\u017cnych sportowych kurtek, czy bardziej eleganckich p\u0142aszczy.<\/p>\n<p>Czapka, czapce nier\u00f3wna. Dobra czapka musi by\u0107 ciep\u0142a, nie przepuszcza\u0107 wiatru, szczeg\u00f3lnie na wysoko\u015bci uszu. <strong>Czapka <\/strong>jest wykonana z niezwykle grubej w\u0142\u00f3czki, to czapka doskona\u0142a na najwi\u0119ksz\u0105 zimow\u0105 zawieruch\u0119. Jednocze\u015bnie, jako \u017ce materia\u0142y u\u017cyte s\u0105 naturalne przyjazne dla sk\u00f3ry, czapka pozwala swobodnie oddycha\u0107 sk\u00f3rze g\u0142owy. Nie ma tu mowy o gryzieniu, pojawianiu si\u0119 zaczerwienienia, wra\u017cliwo\u015bci na w\u0142\u00f3czk\u0119. Czapka jest d\u0142uga, mo\u017cna j\u0105 naci\u0105gn\u0105\u0107 dobrze na uszy. A poza tym jest g\u0119sto dziergana i to dla mnie ogromny plus, bo pozwala chroni\u0107 uszy przed zawieruch\u0105. Nosi si\u0119 j\u0105 \u015bwietnie!<\/p>\n<p><a href=\"https:\/\/diamentyrynku.pl\/wp-content\/uploads\/2022\/09\/inline2-scaled.jpg\"><img loading=\"lazy\" class=\"alignnone size-full wp-image-6792\" src=\"https:\/\/diamentyrynku.pl\/wp-content\/uploads\/2022\/09\/inline2-scaled.jpg\" alt=\"\" width=\"2560\" height=\"2385\" srcset=\"https:\/\/diamentyrynku.pl\/wp-content\/uploads\/2022\/09\/inline2-scaled.jpg 2560w, https:\/\/diamentyrynku.pl\/wp-content\/uploads\/2022\/09\/inline2-300x279.jpg 300w, https:\/\/diamentyrynku.pl\/wp-content\/uploads\/2022\/09\/inline2-1024x954.jpg 1024w, https:\/\/diamentyrynku.pl\/wp-content\/uploads\/2022\/09\/inline2-768x715.jpg 768w, https:\/\/diamentyrynku.pl\/wp-content\/uploads\/2022\/09\/inline2-1536x1431.jpg 1536w, https:\/\/diamentyrynku.pl\/wp-content\/uploads\/2022\/09\/inline2-2048x1908.jpg 2048w\" sizes=\"(max-width: 2560px) 100vw, 2560px\" \/><\/a><\/p>\n<p>Jestem pod wra\u017ceniem, jak modele zosta\u0142y wykonane. Wida\u0107 ogromn\u0105 solidno\u015b\u0107, rzetelne podej\u015bcie do sztuki szyde\u0142kowania. Wszystko jest tak pi\u0119knie, r\u00f3wno wykonane, \u017ce nabiera si\u0119 samemu szacunku aby dba\u0107 o te rzeczy. Pragn\u0119 si\u0119 nimi cieszy\u0107 d\u0142ugie lata bo takie wyroby w\u0142\u00f3czkowe nigdy nie wychodz\u0105 z mody!<\/p>\n<p>&nbsp;<\/p>\n<p style=\"text-align: center;\"><em><strong>Polecam!<\/strong><\/em><\/p>\n<pre><\/pre>\n<p>&nbsp;<\/p>\n<p>&nbsp;<\/p>\n<h4 style=\"text-align: center;\"><\/h4>\n","protected":false},"excerpt":{"rendered":"<p>#Poni\u017cszy materia\u0142 jest wsp\u00f3\u0142prac\u0105 reklamow\u0105 Dzisiejszy wpis jest po\u015bwi\u0119cony niezwyk\u0142ym akcesoriom zimowym Szyde\u0142kowa Polana.\u00a0 Czapki, szale w ca\u0142o\u015bci robione s\u0105 r\u0119cznie. S\u0105 proste w formie, atrakcyjnie kolorystycznie, z w\u0142\u00f3czek dobrej jako\u015bci, jak najbardziej naturalnych. We\u0142en naturalnych i syntetycznych na naszym rynku jest do wyboru mn\u00f3stwo ale do produkt\u00f3w Szyde\u0142kowa Polana wybierane s\u0105 te dobrej jako\u015bci &#8230; <span class=\"more\"><a class=\"more-link\" href=\"https:\/\/diamentyrynku.pl\/index.php\/2022\/09\/19\/szydelkowa-polana-wyroby-welniane-tworzone-z-pasja\/\">[Czytaj wi\u0119cej&#8230;]<\/a><\/span><\/p>\n","protected":false},"author":1,"featured_media":0,"comment_status":"closed","ping_status":"closed","sticky":false,"template":"","format":"standard","meta":[],"categories":[201,243],"tags":[],"_links":{"self":[{"href":"https:\/\/diamentyrynku.pl\/index.php\/wp-json\/wp\/v2\/posts\/6783"}],"collection":[{"href":"https:\/\/diamentyrynku.pl\/index.php\/wp-json\/wp\/v2\/posts"}],"about":[{"href":"https:\/\/diamentyrynku.pl\/index.php\/wp-json\/wp\/v2\/types\/post"}],"author":[{"embeddable":true,"href":"https:\/\/diamentyrynku.pl\/index.php\/wp-json\/wp\/v2\/users\/1"}],"replies":[{"embeddable":true,"href":"https:\/\/diamentyrynku.pl\/index.php\/wp-json\/wp\/v2\/comments?post=6783"}],"version-history":[{"count":3,"href":"https:\/\/diamentyrynku.pl\/index.php\/wp-json\/wp\/v2\/posts\/6783\/revisions"}],"predecessor-version":[{"id":7288,"href":"https:\/\/diamentyrynku.pl\/index.php\/wp-json\/wp\/v2\/posts\/6783\/revisions\/7288"}],"wp:attachment":[{"href":"https:\/\/diamentyrynku.pl\/index.php\/wp-json\/wp\/v2\/media?parent=6783"}],"wp:term":[{"taxonomy":"category","embeddable":true,"href":"https:\/\/diamentyrynku.pl\/index.php\/wp-json\/wp\/v2\/categories?post=6783"},{"taxonomy":"post_tag","embeddable":true,"href":"https:\/\/diamentyrynku.pl\/index.php\/wp-json\/wp\/v2\/tags?post=6783"}],"curies":[{"name":"wp","href":"https:\/\/api.w.org\/{rel}","templated":true}]}}