{"id":8301,"date":"2023-09-28T21:38:24","date_gmt":"2023-09-28T19:38:24","guid":{"rendered":"https:\/\/diamentyrynku.pl\/?p=8301"},"modified":"2023-09-28T21:38:24","modified_gmt":"2023-09-28T19:38:24","slug":"themisscat-piekne-opaski-zimowe-na-glowe","status":"publish","type":"post","link":"https:\/\/diamentyrynku.pl\/index.php\/2023\/09\/28\/themisscat-piekne-opaski-zimowe-na-glowe\/","title":{"rendered":"TheMissCat &#8211; pi\u0119kne opaski zimowe na g\u0142ow\u0119"},"content":{"rendered":"<h5><strong>Dzisiejszy wpis jest po\u015bwi\u0119cony niezwyk\u0142ym akcesoriom z alpaki na sezon jesienno-zimowy. Produkty, kt\u00f3re w\u0142a\u015bcicielka marki The Miss Cat tworzy z wielk\u0105 pasj\u0105 i zaanga\u017cowaniem. To mloda<\/strong><b>\u00a0polska marka r\u0119cznie robionych akcesori\u00f3w dla kot\u00f3w <\/b>oraz ca\u0142a gama produkt\u00f3w dla Kociarzy.<\/h5>\n<h5 style=\"text-align: center;\"><a href=\"https:\/\/themisscat.pl\/\">https:\/\/themisscat.pl\/<\/a><\/h5>\n<p>Zapraszam do przegl\u0105du poni\u017cszych wybranych opasek na g\u0142ow\u0119 idealnych na sezon jesienno-zimowy. Zdj\u0119cia pogl\u0105dowe i opisy techniczne pochodz\u0105 ze strony sklepu.<\/p>\n<h5 class=\"product_title entry-title\" style=\"text-align: center;\">Opaska na g\u0142ow\u0119 z wi\u0105zaniem we\u0142na z alpaki \u2013 brudny r\u00f3\u017c<\/h5>\n<p><a href=\"https:\/\/diamentyrynku.pl\/wp-content\/uploads\/2023\/09\/img_20210910_135349-scaled-1.jpg\"><img loading=\"lazy\" class=\"alignnone size-full wp-image-8302\" src=\"https:\/\/diamentyrynku.pl\/wp-content\/uploads\/2023\/09\/img_20210910_135349-scaled-1.jpg\" alt=\"\" width=\"2560\" height=\"2560\" srcset=\"https:\/\/diamentyrynku.pl\/wp-content\/uploads\/2023\/09\/img_20210910_135349-scaled-1.jpg 2560w, https:\/\/diamentyrynku.pl\/wp-content\/uploads\/2023\/09\/img_20210910_135349-scaled-1-300x300.jpg 300w, https:\/\/diamentyrynku.pl\/wp-content\/uploads\/2023\/09\/img_20210910_135349-scaled-1-1024x1024.jpg 1024w, https:\/\/diamentyrynku.pl\/wp-content\/uploads\/2023\/09\/img_20210910_135349-scaled-1-150x150.jpg 150w, https:\/\/diamentyrynku.pl\/wp-content\/uploads\/2023\/09\/img_20210910_135349-scaled-1-768x768.jpg 768w, https:\/\/diamentyrynku.pl\/wp-content\/uploads\/2023\/09\/img_20210910_135349-scaled-1-1536x1536.jpg 1536w, https:\/\/diamentyrynku.pl\/wp-content\/uploads\/2023\/09\/img_20210910_135349-scaled-1-2048x2048.jpg 2048w\" sizes=\"(max-width: 2560px) 100vw, 2560px\" \/><\/a><\/p>\n<p><a href=\"https:\/\/themisscat.pl\/product\/opaska-na-glowe-z-wiazaniem-welna-z-alpaki-2\/\">https:\/\/themisscat.pl\/product\/opaska-na-glowe-z-wiazaniem-welna-z-alpaki-2\/<\/a><\/p>\n<p>Mi\u0119ciutka we\u0142na, kt\u00f3ra jest po\u0142\u0105czeniem baby alpaca oraz ciep\u0142ej we\u0142ny merynos\u00f3w, sprawia, \u017ce opaska jest ciep\u0142a, mi\u0119kka i lekka jednocze\u015bnie!<\/p>\n<p>W\u0142\u00f3czka, kt\u00f3ra zosta\u0142a u\u017cyta do wydziergania tej przepaski, jest bardzo mi\u0119kka, przewiewn\u0105, lekka i przyjemna w kontakcie ze sk\u00f3r\u0105. Opaska nie drapie i nie podra\u017cnia delikatnej sk\u00f3ry g\u0142owy.<\/p>\n<p>Opaska idealna na okres przej\u015bciowy jesieni\u0105 i wiosn\u0105, a tak\u017ce na s\u0142ab\u0105 zim\u0119.<\/p>\n<h5 class=\"product_title entry-title\" style=\"text-align: center;\">Opaska na g\u0142ow\u0119 zimowa z wi\u0105zaniem, we\u0142na z alpaki \u2013 be\u017cowa<\/h5>\n<p><a href=\"https:\/\/diamentyrynku.pl\/wp-content\/uploads\/2023\/09\/bez.jpg\"><img loading=\"lazy\" class=\"alignnone size-full wp-image-8303\" src=\"https:\/\/diamentyrynku.pl\/wp-content\/uploads\/2023\/09\/bez.jpg\" alt=\"\" width=\"2560\" height=\"2560\" srcset=\"https:\/\/diamentyrynku.pl\/wp-content\/uploads\/2023\/09\/bez.jpg 2560w, https:\/\/diamentyrynku.pl\/wp-content\/uploads\/2023\/09\/bez-300x300.jpg 300w, https:\/\/diamentyrynku.pl\/wp-content\/uploads\/2023\/09\/bez-1024x1024.jpg 1024w, https:\/\/diamentyrynku.pl\/wp-content\/uploads\/2023\/09\/bez-150x150.jpg 150w, https:\/\/diamentyrynku.pl\/wp-content\/uploads\/2023\/09\/bez-768x768.jpg 768w, https:\/\/diamentyrynku.pl\/wp-content\/uploads\/2023\/09\/bez-1536x1536.jpg 1536w, https:\/\/diamentyrynku.pl\/wp-content\/uploads\/2023\/09\/bez-2048x2048.jpg 2048w\" sizes=\"(max-width: 2560px) 100vw, 2560px\" \/><\/a><\/p>\n<p style=\"text-align: center;\"><a href=\"https:\/\/themisscat.pl\/product\/opaska-na-glowe-zimowa-z-wiazaniem-welna-z-alpaki-bezowa\/\">https:\/\/themisscat.pl\/product\/opaska-na-glowe-zimowa-z-wiazaniem-welna-z-alpaki-bezowa\/<\/a><\/p>\n<p>Do wydziergania opaski (r\u0119czna rob\u00f3tka) zosta\u0142a u\u017cyta absolutnie wyj\u0105tkowa we\u0142na, kt\u00f3ra jest mieszank\u0105 najlepszych w\u0142\u00f3kien delikatnej baby alpaca, najlepszej na \u015bwiecie, peruwia\u0144skiej bawe\u0142ny pima, niegryz\u0105cej, przemi\u0142ej we\u0142ny merynosa o wspania\u0142ych w\u0142a\u015bciwo\u015bciach.<\/p>\n<p>To niezwyk\u0142e po\u0142\u0105czenie, sprawia, \u017ce opaska jest ciep\u0142a, mi\u0119kka i lekka jednocze\u015bnie!<\/p>\n<p>Opaska idealna na zim\u0119. Zosta\u0142a wykonana z grubszej we\u0142ny ni\u017c pozosta\u0142e dost\u0119pne w sklepie opaski.<\/p>\n<p>&nbsp;<\/p>\n<div>\n<p style=\"text-align: center;\"><strong>Moja opinia:<\/strong><\/p>\n<\/div>\n<p>Uwielbiam nosi\u0107 opaski. Z regu\u0142y moje wybory kolorystyczne oscylowa\u0142y zawsze wok\u00f3\u0142 ciep\u0142ych be\u017c\u00f3w, natomiast tu ogromnie urzek\u0142 mnie ten bardzo stylowy szary kolor oraz ciemny r\u00f3\u017c.. Kiedy\u015b opaski dla mnie nie istnia\u0142y, wydawa\u0142y si\u0119 zb\u0119dnym elementem typowo stylizacyjnym. Jednak opaska jest idealna do ochrony uszu podczas mrozu, wiatru, cz\u0119sto nak\u0142adam j\u0105 po prostu dodatkowo pod czapk\u0119.<\/p>\n<p>Opaski The Miss Cat zachwyci\u0142y mnie swoj\u0105 wielko\u015bci\u0105. S\u0105 odpowiednio du\u017ce, po na\u0142o\u017ceniu na g\u0142ow\u0119, okala czo\u0142o, uszy i wi\u0119ksz\u0105 cz\u0119\u015b\u0107 g\u0142owy. Poza tym wersja zimowa wygl\u0105da jak puch! Jest taka gruba, mi\u0119kka, i ta jej puchato\u015b\u0107 sprawia, \u017ce cudownie prezentuje si\u0119 na g\u0142owie.<\/p>\n<p>Opask\u0119 nosi si\u0119 w spos\u00f3b niezwykle przyjemny. Bo jest ciep\u0142a, ale we\u0142na nie gryzie, nie powoduje te\u017c przegrzania g\u0142owy.<\/p>\n<p>\u015awietnie wymodelowana z przodu, bardzo dobrze si\u0119 uk\u0142ada na g\u0142owie i wygl\u0105da zgrabnie. Spos\u00f3b szyde\u0142kowania daje efekt opaski mi\u0119sistej i nieprzepuszczaj\u0105cej wiatru, wi\u0119c tym bardziej jest to idealna opaska dla chc\u0105cych solidnie ochroni\u0107 uszy. Opaska jest wykonana ca\u0142kowicie r\u0119cznie i to z niezwyk\u0142\u0105 staranno\u015bci\u0105. Osobom, kt\u00f3re potrzebuj\u0105 mimo wszystko czapki na zim\u0119 polecam noszenie tej opaski pod czapk\u0119, jako dodatkow\u0105 ochron\u0119 uszu.<\/p>\n<p>&nbsp;<\/p>\n<p style=\"text-align: center;\"><em><strong>Polecam!<\/strong><\/em><\/p>\n<p>&nbsp;<\/p>\n<p>#wsp\u00f3\u0142praca barterowa<\/p>\n<div><\/div>\n<p>&nbsp;<\/p>\n","protected":false},"excerpt":{"rendered":"<p>Dzisiejszy wpis jest po\u015bwi\u0119cony niezwyk\u0142ym akcesoriom z alpaki na sezon jesienno-zimowy. Produkty, kt\u00f3re w\u0142a\u015bcicielka marki The Miss Cat tworzy z wielk\u0105 pasj\u0105 i zaanga\u017cowaniem. To mloda\u00a0polska marka r\u0119cznie robionych akcesori\u00f3w dla kot\u00f3w oraz ca\u0142a gama produkt\u00f3w dla Kociarzy. https:\/\/themisscat.pl\/ Zapraszam do przegl\u0105du poni\u017cszych wybranych opasek na g\u0142ow\u0119 idealnych na sezon jesienno-zimowy. Zdj\u0119cia pogl\u0105dowe i opisy &#8230; <span class=\"more\"><a class=\"more-link\" href=\"https:\/\/diamentyrynku.pl\/index.php\/2023\/09\/28\/themisscat-piekne-opaski-zimowe-na-glowe\/\">[Czytaj wi\u0119cej&#8230;]<\/a><\/span><\/p>\n","protected":false},"author":1,"featured_media":8302,"comment_status":"closed","ping_status":"closed","sticky":false,"template":"","format":"standard","meta":[],"categories":[201],"tags":[],"_links":{"self":[{"href":"https:\/\/diamentyrynku.pl\/index.php\/wp-json\/wp\/v2\/posts\/8301"}],"collection":[{"href":"https:\/\/diamentyrynku.pl\/index.php\/wp-json\/wp\/v2\/posts"}],"about":[{"href":"https:\/\/diamentyrynku.pl\/index.php\/wp-json\/wp\/v2\/types\/post"}],"author":[{"embeddable":true,"href":"https:\/\/diamentyrynku.pl\/index.php\/wp-json\/wp\/v2\/users\/1"}],"replies":[{"embeddable":true,"href":"https:\/\/diamentyrynku.pl\/index.php\/wp-json\/wp\/v2\/comments?post=8301"}],"version-history":[{"count":2,"href":"https:\/\/diamentyrynku.pl\/index.php\/wp-json\/wp\/v2\/posts\/8301\/revisions"}],"predecessor-version":[{"id":10093,"href":"https:\/\/diamentyrynku.pl\/index.php\/wp-json\/wp\/v2\/posts\/8301\/revisions\/10093"}],"wp:featuredmedia":[{"embeddable":true,"href":"https:\/\/diamentyrynku.pl\/index.php\/wp-json\/wp\/v2\/media\/8302"}],"wp:attachment":[{"href":"https:\/\/diamentyrynku.pl\/index.php\/wp-json\/wp\/v2\/media?parent=8301"}],"wp:term":[{"taxonomy":"category","embeddable":true,"href":"https:\/\/diamentyrynku.pl\/index.php\/wp-json\/wp\/v2\/categories?post=8301"},{"taxonomy":"post_tag","embeddable":true,"href":"https:\/\/diamentyrynku.pl\/index.php\/wp-json\/wp\/v2\/tags?post=8301"}],"curies":[{"name":"wp","href":"https:\/\/api.w.org\/{rel}","templated":true}]}}